{"id":3999,"date":"2020-10-26T20:36:46","date_gmt":"2020-10-26T20:36:46","guid":{"rendered":"https:\/\/tvc16.com\/portal\/?p=3999"},"modified":"2020-10-26T20:36:46","modified_gmt":"2020-10-26T20:36:46","slug":"comercio-registra-saldo-positivo-na-geracao-de-empregos-por-dois-meses-consecutivos-em-petropolis","status":"publish","type":"post","link":"https:\/\/tvc16.com\/portal\/2020\/10\/26\/comercio-registra-saldo-positivo-na-geracao-de-empregos-por-dois-meses-consecutivos-em-petropolis\/","title":{"rendered":"Com\u00e9rcio registra saldo positivo na gera\u00e7\u00e3o de empregos por dois meses consecutivos, em Petr\u00f3polis"},"content":{"rendered":"\n<p><strong>Sicom\u00e9rcio comemora os n\u00fameros e acredita que o cen\u00e1rio vai permanecer assim com as contrata\u00e7\u00f5es de fim de ano<\/strong><\/p>\n\n\n\n<p>Dados do Cadastro Geral de Empregados e Desempregados (CAGED) mostram que por dois meses consecutivos, o com\u00e9rcio em Petr\u00f3polis\/RJ registrou saldo positivo na varia\u00e7\u00e3o de admiss\u00f5es e desligamentos. Os n\u00fameros divulgados at\u00e9 o momento revelam que em julho (+8) e em agosto (+36) o setor apresentou leve recupera\u00e7\u00e3o, depois de 4 meses com saldos negativos, e pico em abril com mais de mil desligamentos.<\/p>\n\n\n\n<p>\u201cNo per\u00edodo inicial da pandemia, o setor foi muito prejudicado. Ficamos fechados por 90 dias. Depois com hor\u00e1rios restritos de funcionamento e o impedimento de acesso imposto pelas barreiras sanit\u00e1rias, a situa\u00e7\u00e3o continuou ruim. Os n\u00fameros positivos do Caged nos mostram que o setor est\u00e1 se recuperando lentamente e refor\u00e7am que quando o setor pode exercer sua fun\u00e7\u00e3o sem qualquer tipo de restri\u00e7\u00e3o, em plena capacidade, conseguimos entregar n\u00fameros positivos. Isso mostra, tamb\u00e9m, a for\u00e7a e a import\u00e2ncia do setor para a economia da cidade\u201d, diz Marcelo Fiorini, presidente do Sindicato do Com\u00e9rcio Varejista de Petr\u00f3polis (SICOM\u00c9RCIO).<\/p>\n\n\n\n<p>Com a aproxima\u00e7\u00e3o das festas de fim de ano, uma das melhores \u00e9pocas para vendas no setor de bens e servi\u00e7os, o Sicom\u00e9rcio acredita que esses n\u00fameros continuar\u00e3o positivos. Uma&nbsp;pesquisa do Instituto Fecom\u00e9rcio de Pesquisas e An\u00e1lises (IFec RJ) sobre contrata\u00e7\u00e3o de m\u00e3o de obra tempor\u00e1ria para o Natal e a alta temporada, mostrou que entre os empres\u00e1rios consultados, 30,6% afirmam que pretendem abrir vagas. A sondagem contou com a participa\u00e7\u00e3o de 363 empres\u00e1rios do estado do Rio de Janeiro. J\u00e1 em Petr\u00f3polis, 80% dos empres\u00e1rios da Rua Teresa questionados se contratariam ou n\u00e3o colaboradores como tempor\u00e1rios para o fim do ano, responderam que sim.<\/p>\n\n\n\n<p>\u201cCom a rede hoteleira recebendo turistas e a cidade aberta para visitantes, estamos otimistas para as vendas de fim de ano. Se pararmos para pensar que h\u00e1 cinco meses as lojas estavam fechadas, n\u00e3o t\u00ednhamos nem perspectiva de melhora. Agora estamos nos recuperando e o movimento aumentando a cada semana\u201d, revela Denise Fiorini, presidente da Associa\u00e7\u00e3o da Rua Teresa (ARTE).<\/p>\n\n\n\n<p>Marcelo refor\u00e7a que o turismo aquecido \u00e9 grande aliado dos polos de moda. As vendas para visitantes representam uma fatia importante do faturamento das marcas petropolitanas.<\/p>\n\n\n\n<p>\u201cO impacto no setor em Petr\u00f3polis poderia ter sido menor. Ficamos muitos dias fechados e depois vieram restri\u00e7\u00f5es de acesso e atendimento. Agora com as flexibiliza\u00e7\u00f5es e com o retorno desses consumidores, os n\u00fameros voltam a ficar positivos\u201d.<\/p>\n","protected":false},"excerpt":{"rendered":"<p>Sicom\u00e9rcio comemora os n\u00fameros e acredita que o cen\u00e1rio vai permanecer assim com as contrata\u00e7\u00f5es<\/p>\n","protected":false},"author":2,"featured_media":4000,"comment_status":"open","ping_status":"open","sticky":false,"template":"","format":"standard","meta":{"footnotes":""},"categories":[12],"tags":[],"class_list":["post-3999","post","type-post","status-publish","format-standard","has-post-thumbnail","hentry","category-cidade"],"_links":{"self":[{"href":"https:\/\/tvc16.com\/portal\/wp-json\/wp\/v2\/posts\/3999","targetHints":{"allow":["GET"]}}],"collection":[{"href":"https:\/\/tvc16.com\/portal\/wp-json\/wp\/v2\/posts"}],"about":[{"href":"https:\/\/tvc16.com\/portal\/wp-json\/wp\/v2\/types\/post"}],"author":[{"embeddable":true,"href":"https:\/\/tvc16.com\/portal\/wp-json\/wp\/v2\/users\/2"}],"replies":[{"embeddable":true,"href":"https:\/\/tvc16.com\/portal\/wp-json\/wp\/v2\/comments?post=3999"}],"version-history":[{"count":1,"href":"https:\/\/tvc16.com\/portal\/wp-json\/wp\/v2\/posts\/3999\/revisions"}],"predecessor-version":[{"id":4001,"href":"https:\/\/tvc16.com\/portal\/wp-json\/wp\/v2\/posts\/3999\/revisions\/4001"}],"wp:featuredmedia":[{"embeddable":true,"href":"https:\/\/tvc16.com\/portal\/wp-json\/wp\/v2\/media\/4000"}],"wp:attachment":[{"href":"https:\/\/tvc16.com\/portal\/wp-json\/wp\/v2\/media?parent=3999"}],"wp:term":[{"taxonomy":"category","embeddable":true,"href":"https:\/\/tvc16.com\/portal\/wp-json\/wp\/v2\/categories?post=3999"},{"taxonomy":"post_tag","embeddable":true,"href":"https:\/\/tvc16.com\/portal\/wp-json\/wp\/v2\/tags?post=3999"}],"curies":[{"name":"wp","href":"https:\/\/api.w.org\/{rel}","templated":true}]}}