{"id":4009,"date":"2020-10-26T20:51:16","date_gmt":"2020-10-26T20:51:16","guid":{"rendered":"https:\/\/tvc16.com\/portal\/?p=4009"},"modified":"2020-10-26T20:51:16","modified_gmt":"2020-10-26T20:51:16","slug":"vacinacao-nao-e-uma-questao-de-justica-mas-de-saude-diz-bolsonaro","status":"publish","type":"post","link":"https:\/\/tvc16.com\/portal\/2020\/10\/26\/vacinacao-nao-e-uma-questao-de-justica-mas-de-saude-diz-bolsonaro\/","title":{"rendered":"Vacina\u00e7\u00e3o \u201cn\u00e3o \u00e9 uma quest\u00e3o de Justi\u00e7a\u201d, mas de sa\u00fade, diz Bolsonaro"},"content":{"rendered":"\n<h3 class=\"wp-block-heading\">Para presidente trata-se de uma quest\u00e3o de sa\u00fade acima de tudo<\/h3>\n\n\n\n<h4 class=\"wp-block-heading\">Por Andreia Verd\u00e9lio \u2013 Rep\u00f3rter da Ag\u00eancia &#8211; Bras\u00edlia&nbsp;<\/h4>\n\n\n\n<p>O presidente Jair Bolsonaro criticou hoje (26) a judicializa\u00e7\u00e3o sobre a obrigatoriedade da&nbsp;<a href=\"https:\/\/agenciabrasil.ebc.com.br\/saude\/noticia\/2020-10\/agencia-brasil-explica-os-tipos-de-vacina-contra-covid-19\" target=\"_blank\" rel=\"noreferrer noopener\">vacina\u00e7\u00e3o contra o novo coronav\u00edrus<\/a>. \u201cTemos uma jornada pela frente onde parece que foi judicializada essa quest\u00e3o. E eu entendo que isso n\u00e3o \u00e9 uma quest\u00e3o de Justi\u00e7a, isso \u00e9 quest\u00e3o de sa\u00fade acima de tudo, n\u00e3o pode um juiz decidir se voc\u00ea vai ou n\u00e3o tomar vacina\u201d, disse a apoiadores ao deixar o Pal\u00e1cio da Alvorada na manh\u00e3 desta segunda-feira.<img decoding=\"async\" src=\"https:\/\/agenciabrasil.ebc.com.br\/ebc.png?id=1391556&amp;o=node\"><img decoding=\"async\" src=\"https:\/\/agenciabrasil.ebc.com.br\/ebc.gif?id=1391556&amp;o=node\"><\/p>\n\n\n\n<p>Na semana passada, ao menos tr\u00eas a\u00e7\u00f5es foram ajuizadas no Supremo Tribunal Federal (STF), questionando a compet\u00eancia para impor vacina\u00e7\u00e3o contra a covid-19 e para que o governo federal seja obrigado a comprar as vacinas e medicamentos que forem aprovados pela Ag\u00eancia de Vigil\u00e2ncia Sanit\u00e1ria (Anvisa). Diversos partidos pol\u00edticos recorreram \u00e0 Justi\u00e7a ap\u00f3s Bolsonaro afirmar que a vacina\u00e7\u00e3o n\u00e3o ser\u00e1 obrigat\u00f3ria no Brasil e que o&nbsp;<a href=\"https:\/\/agenciabrasil.ebc.com.br\/politica\/noticia\/2020-10\/bolsonaro-diz-que-governo-federal-nao-comprara-vacina-coronavac\" target=\"_blank\" rel=\"noreferrer noopener\">pa\u00eds n\u00e3o vai adquirir a vacina<\/a>&nbsp;CoronaVac, desenvolvida pela farmac\u00eautica chinesa Sinovac Biotech em parceria com o Instituto Butantan.<\/p>\n\n\n\n<p>Por outro lado, o Minist\u00e9rio da Sa\u00fade assinou um protocolo de inten\u00e7\u00f5es para adquirir 46 milh\u00f5es de&nbsp;<a href=\"https:\/\/agenciabrasil.ebc.com.br\/saude\/noticia\/2020-10\/brasil-anuncia-que-vai-comprar-46-milhoes-de-doses-da-coronavac\" target=\"_blank\" rel=\"noreferrer noopener\">doses da CoronaVac<\/a>, com o objetivo de ampliar a oferta de vacina\u00e7\u00e3o para os brasileiros. O minist\u00e9rio j\u00e1 tinha acordo com a AstraZeneca\/Oxford, que prev\u00ea&nbsp;<a href=\"https:\/\/agenciabrasil.ebc.com.br\/geral\/noticia\/2020-08\/mp-destina-R%24-199-bilhao-para-viabilizar-vacina-contra-covid-19\" target=\"_blank\" rel=\"noreferrer noopener\">100 milh\u00f5es de doses da vacina<\/a>, e outro acordo com a<a href=\"https:\/\/agenciabrasil.ebc.com.br\/saude\/noticia\/2020-09\/brasil-adere-alianca-para-aceleracao-da-vacina-contra-covid-19\" target=\"_blank\" rel=\"noreferrer noopener\">&nbsp;iniciativa Covax<\/a>, da Organiza\u00e7\u00e3o Mundial da Sa\u00fade, com mais 40 milh\u00f5es de doses.<\/p>\n\n\n\n<p>Bolsonaro citou ainda a not\u00edcia anunciada hoje pela Universidade de Oxford e o laborat\u00f3rio AstraZeneca de que a vacina que est\u00e3o desenvolvendo contra a covid-19 induziu, durante os testes, uma resposta imune tanto em jovens quanto em idosos. Para Bolsonaro, a not\u00edcia \u00e9 promissora, mas \u00e9 preciso aguardar a publica\u00e7\u00e3o dos resultados em revista cient\u00edfica. \u201cO que a gente tem que fazer aqui \u00e9 n\u00e3o querer correr, n\u00e3o querer atropelar, n\u00e3o querer comprar dessa ou daquela sem nenhuma comprova\u00e7\u00e3o ainda\u201d, disse.<\/p>\n\n\n\n<p>Edi\u00e7\u00e3o: F\u00e1bio Massalli<\/p>\n","protected":false},"excerpt":{"rendered":"<p>Para presidente trata-se de uma quest\u00e3o de sa\u00fade acima de tudo Por Andreia Verd\u00e9lio \u2013<\/p>\n","protected":false},"author":2,"featured_media":4010,"comment_status":"open","ping_status":"open","sticky":false,"template":"","format":"standard","meta":{"footnotes":""},"categories":[15],"tags":[],"class_list":["post-4009","post","type-post","status-publish","format-standard","has-post-thumbnail","hentry","category-politica"],"_links":{"self":[{"href":"https:\/\/tvc16.com\/portal\/wp-json\/wp\/v2\/posts\/4009","targetHints":{"allow":["GET"]}}],"collection":[{"href":"https:\/\/tvc16.com\/portal\/wp-json\/wp\/v2\/posts"}],"about":[{"href":"https:\/\/tvc16.com\/portal\/wp-json\/wp\/v2\/types\/post"}],"author":[{"embeddable":true,"href":"https:\/\/tvc16.com\/portal\/wp-json\/wp\/v2\/users\/2"}],"replies":[{"embeddable":true,"href":"https:\/\/tvc16.com\/portal\/wp-json\/wp\/v2\/comments?post=4009"}],"version-history":[{"count":1,"href":"https:\/\/tvc16.com\/portal\/wp-json\/wp\/v2\/posts\/4009\/revisions"}],"predecessor-version":[{"id":4011,"href":"https:\/\/tvc16.com\/portal\/wp-json\/wp\/v2\/posts\/4009\/revisions\/4011"}],"wp:featuredmedia":[{"embeddable":true,"href":"https:\/\/tvc16.com\/portal\/wp-json\/wp\/v2\/media\/4010"}],"wp:attachment":[{"href":"https:\/\/tvc16.com\/portal\/wp-json\/wp\/v2\/media?parent=4009"}],"wp:term":[{"taxonomy":"category","embeddable":true,"href":"https:\/\/tvc16.com\/portal\/wp-json\/wp\/v2\/categories?post=4009"},{"taxonomy":"post_tag","embeddable":true,"href":"https:\/\/tvc16.com\/portal\/wp-json\/wp\/v2\/tags?post=4009"}],"curies":[{"name":"wp","href":"https:\/\/api.w.org\/{rel}","templated":true}]}}