{"id":4015,"date":"2020-10-26T21:01:15","date_gmt":"2020-10-26T21:01:15","guid":{"rendered":"https:\/\/tvc16.com\/portal\/?p=4015"},"modified":"2020-10-26T21:01:15","modified_gmt":"2020-10-26T21:01:15","slug":"coluna-primeiro-mergulho","status":"publish","type":"post","link":"https:\/\/tvc16.com\/portal\/2020\/10\/26\/coluna-primeiro-mergulho\/","title":{"rendered":"Coluna &#8211; Primeiro mergulho"},"content":{"rendered":"\n<h3 class=\"wp-block-heading\">Paranaense \u00e9 representante brasileiro na volta da nata\u00e7\u00e3o paral\u00edmpica<\/h3>\n\n\n\n<h4 class=\"wp-block-heading\">Por Lincoln Chaves &#8211; Rep\u00f3rter da TV Brasil e R\u00e1dio Nacional &#8211; S\u00e3o Paulo<\/h4>\n\n\n\n<p>H\u00e1 uma semana, a etapa de Berlim (Alemanha)&nbsp;marcou a volta da&nbsp;World Series&nbsp;(Circuito Mundial de Nata\u00e7\u00e3o Paral\u00edmpica) ap\u00f3s cerca de oito meses de interrup\u00e7\u00e3o, devido \u00e0 pandemia do novo coronav\u00edrus (covid-19). Apesar de o Comit\u00ea Paral\u00edmpico Brasileiro (CPB) n\u00e3o&nbsp;ter&nbsp;enviado delega\u00e7\u00e3o, o Brasil foi representado&nbsp;pelo paranaense Jo\u00e3o Lucas Bezerra, de 20 anos,&nbsp;entre os cerca de 400 nadadores de 11 pa\u00edses que estiveram na capital alem\u00e3.&nbsp;<img decoding=\"async\" src=\"https:\/\/agenciabrasil.ebc.com.br\/ebc.png?id=1391539&amp;o=node\"><img decoding=\"async\" src=\"https:\/\/agenciabrasil.ebc.com.br\/ebc.gif?id=1391539&amp;o=node\"><\/p>\n\n\n\n<p>O&nbsp;nadador da classe S9 (defici\u00eancia f\u00edsico-motora) disputou cinco provas e conquistou&nbsp;a medalha de bronze dos 50 m borboleta, prova na qual alcan\u00e7ou&nbsp;a&nbsp;final B,&nbsp;que re\u00fane&nbsp;atletas&nbsp;que obtiveram do nono ao 16\u00ba melhor tempo das eliminat\u00f3rias.&nbsp;Ele tamb\u00e9m&nbsp;foi a final B nos 400 metros livre e nos 100 m costas, al\u00e9m de atingir a melhor marca da vida nos 50 m livre: 29 segundos e 66 cent\u00e9simos.<\/p>\n\n\n\n<p>&#8220;Foi muito bom, uma experi\u00eancia \u00fanica estar na primeira competi\u00e7\u00e3o desde a pandemia. Pude aprender como \u00e9 uma competi\u00e7\u00e3o europeia, mais acirrada, com eliminat\u00f3ria de manh\u00e3 e a final \u00e0 tarde&#8221;, diz Jo\u00e3o, que foi atropelado aos 15 anos, teve amputa\u00e7\u00e3o total da perna direita e entrou para a nata\u00e7\u00e3o h\u00e1 quatro anos. &#8220;O desempenho foi excelente em algumas provas. Em outras, tenho ainda muito o que arrumar&#8221;, completa o jovem de Rio Branco do Sul (PR).Audio Player00:0000:00<a href=\"javascript:void(0);\">Use Up\/Down Arrow keys to increase or decrease volume.<\/a><a href=\"http:\/\/audios.ebc.com.br\/90\/90545b629e454a791dd90a2d2410ae0d.mp3?download&amp;filename=materia_nadador_para.mp3\">Baixar arquivo<\/a><\/p>\n\n\n\n<h6 class=\"wp-block-heading\"><strong>Ou\u00e7a na R\u00e1dio Nacional<\/strong><\/h6>\n\n\n\n<p>&#8220;A competi\u00e7\u00e3o foi justamente para quantificar e entender o resultado dos treinos. Eu creio que o Jo\u00e3o \u00e9 o \u00fanico brasileiro a competir [internacionalmente] desde mar\u00e7o. \u00c9 importante essa retomada&#8221;, avalia Rui Menslin, t\u00e9cnico do nadador e da equipe da Pontif\u00edcia Universidade Cat\u00f3lica do Paran\u00e1 (PUCPR). Segundo ele,&nbsp;o saldo&nbsp;foi&nbsp;positivo, ainda mais considerando as restri\u00e7\u00f5es de treinamento da pandemia.<\/p>\n\n\n\n<p>&#8220;No in\u00edcio, conseguimos trabalhar por um tempo na academia de um conhecido, que abriu a piscina s\u00f3 para ele. Depois, fechou tudo novamente e o Jo\u00e3o passou mais de um m\u00eas sem treinar na \u00e1gua, com manuten\u00e7\u00e3o de for\u00e7a e treinos f\u00edsicos. A\u00ed, conseguimos que ele retornasse \u00e0quele ambiente e treinasse por mais tempo, quase tr\u00eas meses&#8221;, conta Rui.<\/p>\n\n\n\n<figure class=\"wp-block-image\"><img decoding=\"async\" src=\"https:\/\/imagens.ebc.com.br\/b2p-VQ6IrvnH8sTB1hLGT9zoN8o=\/754x0\/smart\/https:\/\/agenciabrasil.ebc.com.br\/sites\/default\/files\/thumbnails\/image\/26102020nadador_joao_lucas_bezerra1481.jpeg?itok=n0meEhM3\" alt=\"Nadador, Jo\u00e3o Lucas Bezerra\" title=\"Rui Menslin\/Arquivo Pessoal\"\/><\/figure>\n\n\n\n<h6 class=\"wp-block-heading\">Rui Menslin, t\u00e9cnico da PUCPR, ao lado do nadador Jo\u00e3o Lucas Bezerra, que representou o Brasil na etapa Berlim, da World Series&nbsp;&#8211;&nbsp;<strong>Rui Menslin\/Arquivo Pessoal<\/strong><\/h6>\n\n\n\n<p>A libera\u00e7\u00e3o para realiza\u00e7\u00e3o da competi\u00e7\u00e3o veio em setembro. A partir da\u00ed, Jo\u00e3o e Rui correram para viabilizar a ida a Berlim, em meio \u00e0s restri\u00e7\u00f5es para entrada de estrangeiros na Uni\u00e3o Europeia. &#8220;Tivemos que realizar os testes [da covid-19] 48 horas antes de pisar l\u00e1 e os resultados tinham que sair negativos. Foi bem estressante, porque as passagens e a hospedagem j\u00e1 estavam compradas e n\u00e3o t\u00ednhamos certeza de que daria certo. Seria dram\u00e1tico se n\u00e3o desse, com o valor do euro nas nuvens&#8221;, recorda o t\u00e9cnico.<\/p>\n\n\n\n<p>O torneio n\u00e3o teve p\u00fablico liberado e o n\u00famero de participantes foi limitado. Al\u00e9m disso, nadadores, comiss\u00e3o t\u00e9cnica, organiza\u00e7\u00e3o e volunt\u00e1rios teriam que seguir medidas de seguran\u00e7a sanit\u00e1ria durante o evento. &#8220;Precis\u00e1vamos sempre manter dist\u00e2ncia de 1,5 m,&nbsp;ter&nbsp;a temperatura medida na chegada, evitar contato com outras pessoas e usar m\u00e1scara at\u00e9 mesmo na borda da piscina&#8221;, descreve Jo\u00e3o.&nbsp;<\/p>\n\n\n\n<p>A competi\u00e7\u00e3o reuniu v\u00e1rios medalhistas de ouro no Mundial do ano passado, principalmente alem\u00e3es e espanh\u00f3is. Devido ao controle da pandemia&nbsp;ter&nbsp;se dado antes na Europa que no Brasil, atletas do Velho Continente puderam retomar as atividades antes. O que, para Rui, n\u00e3o teve grande impacto. &#8220;Ningu\u00e9m teve tempo para um treino mais s\u00f3lido. A gente percebeu poucos recordes alem\u00e3es ou de jovens. Mesmo os [nadadores] que a gente conhece ainda est\u00e3o nadando abaixo&#8221;, avalia o t\u00e9cnico.<\/p>\n\n\n\n<p>&#8220;Claro, alguns tiveram o privil\u00e9gio de treinar em piscina h\u00e1 mais tempo, ent\u00e3o, querendo ou n\u00e3o, h\u00e1 diferen\u00e7a. Mas n\u00e3o acho que a discrep\u00e2ncia foi t\u00e3o grande&#8221;, concorda o nadador.<\/p>\n\n\n\n<h2 class=\"wp-block-heading\">Jogos em vista<\/h2>\n\n\n\n<p>Jo\u00e3o, \u00e9 claro, sonha com a Paralimp\u00edada de T\u00f3quio (Jap\u00e3o) em 2021. O desafio \u00e9 atingir os \u00edndices do Comit\u00ea Paral\u00edmpico Internacional (IPC, sigla em ingl\u00eas) e do CPB &#8211; que s\u00e3o mais exigentes que os internacionais. Nos 50 m livre, por exemplo, a marca m\u00ednima do IPC na classe S9 \u00e9 de 26 segundos e 74 cent\u00e9simos. Isso significa que o paranaense tem de baixar em pouco mais de dois segundos o tempo que alcan\u00e7ou em Berlim para se credenciar aos Jogos.<\/p>\n\n\n\n<p>&#8220;Brigar por T\u00f3quio \u00e9 muito complicado por conta do meu come\u00e7o de treino. S\u00e3o s\u00f3 quatro anos. Outros atletas da minha classe tem 10, 11 anos de experi\u00eancia. Ainda sou novo, tenho de treinar. Outros ciclos v\u00e3o se iniciar. Penso nisso [T\u00f3quio] todo dia e nado por isso. Mas sei que \u00e9 complicado&#8221;, reconhece o nadador. &#8220;Escutei muito do Rui para manter os p\u00e9s no ch\u00e3o e aprender a cada dia&#8221;, completa.<\/p>\n\n\n\n<figure class=\"wp-block-image\"><img decoding=\"async\" src=\"https:\/\/imagens.ebc.com.br\/wJP-Y8Xlw2ui0PwPdXIO7-qklyk=\/754x0\/smart\/https:\/\/agenciabrasil.ebc.com.br\/sites\/default\/files\/thumbnails\/image\/26102020nadador_joao_lucas_bezerra1480.jpeg?itok=PwOtvoSd\" alt=\"Nadador, Jo\u00e3o Lucas Bezerra\" title=\"Rui Menslin\/Arquivo Pessoal\"\/><\/figure>\n\n\n\n<h6 class=\"wp-block-heading\">Paranaense, de 20 anos, conquistou&nbsp;a medalha de bronze dos 50 m borboleta na etapa Berlim, da&nbsp;World Series&nbsp;&#8211;&nbsp;<strong>Rui Menslin\/Arquivo Pessoal<\/strong><\/h6>\n\n\n\n<p>Por outro lado, a luta por vaga nos Jogos de Paris (Fran\u00e7a), daqui a tr\u00eas anos, \u00e9 uma realidade considerada&nbsp;mais concreta pelo t\u00e9cnico &#8220;Em fun\u00e7\u00e3o da idade, da estrutura, do crescimento dele, n\u00e3o tenha d\u00favida que ele brigar\u00e1 sim por 2024. Esse ano, ainda temos um bom percurso at\u00e9 a seletiva [para T\u00f3quio], em mar\u00e7o, abril ou maio. Os \u00edndices s\u00e3o baixos, fortes, ent\u00e3o vamos planejar para 2021, mesmo sabendo das dificuldades. Em cima disso, caso n\u00e3o ocorra, a gente replaneja e reestrutura para 2024, onde as possibilidades s\u00e3o grandes e claras&#8221;, conclui Rui.<\/p>\n\n\n\n<h2 class=\"wp-block-heading\">World Series<\/h2>\n\n\n\n<p>A etapa alem\u00e3 seria a s\u00e9tima e \u00faltima do Circuito Mundial, iniciado em fevereiro, na Austr\u00e1lia &#8211; que n\u00e3o teve a participa\u00e7\u00e3o de brasileiros. As cinco disputas seguintes foram suspensas ou canceladas, em raz\u00e3o da pandemia. Entre elas, a de S\u00e3o Paulo (terceira), que seria em abril, no Centro de Treinamento Paral\u00edmpico. O CPB chegou a enviar 19 atletas para a etapa de Lignano Sabbiadoro (It\u00e1lia), mas eles s\u00f3 foram informados que o evento n\u00e3o ocorreria ao chegarem no pa\u00eds europeu.<\/p>\n\n\n\n<p>Edi\u00e7\u00e3o: Cl\u00e1udia Soares Rodrigues<\/p>\n","protected":false},"excerpt":{"rendered":"<p>Paranaense \u00e9 representante brasileiro na volta da nata\u00e7\u00e3o paral\u00edmpica Por Lincoln Chaves &#8211; Rep\u00f3rter da<\/p>\n","protected":false},"author":2,"featured_media":4016,"comment_status":"open","ping_status":"open","sticky":false,"template":"","format":"standard","meta":{"footnotes":""},"categories":[20],"tags":[],"class_list":["post-4015","post","type-post","status-publish","format-standard","has-post-thumbnail","hentry","category-esporte"],"_links":{"self":[{"href":"https:\/\/tvc16.com\/portal\/wp-json\/wp\/v2\/posts\/4015","targetHints":{"allow":["GET"]}}],"collection":[{"href":"https:\/\/tvc16.com\/portal\/wp-json\/wp\/v2\/posts"}],"about":[{"href":"https:\/\/tvc16.com\/portal\/wp-json\/wp\/v2\/types\/post"}],"author":[{"embeddable":true,"href":"https:\/\/tvc16.com\/portal\/wp-json\/wp\/v2\/users\/2"}],"replies":[{"embeddable":true,"href":"https:\/\/tvc16.com\/portal\/wp-json\/wp\/v2\/comments?post=4015"}],"version-history":[{"count":1,"href":"https:\/\/tvc16.com\/portal\/wp-json\/wp\/v2\/posts\/4015\/revisions"}],"predecessor-version":[{"id":4017,"href":"https:\/\/tvc16.com\/portal\/wp-json\/wp\/v2\/posts\/4015\/revisions\/4017"}],"wp:featuredmedia":[{"embeddable":true,"href":"https:\/\/tvc16.com\/portal\/wp-json\/wp\/v2\/media\/4016"}],"wp:attachment":[{"href":"https:\/\/tvc16.com\/portal\/wp-json\/wp\/v2\/media?parent=4015"}],"wp:term":[{"taxonomy":"category","embeddable":true,"href":"https:\/\/tvc16.com\/portal\/wp-json\/wp\/v2\/categories?post=4015"},{"taxonomy":"post_tag","embeddable":true,"href":"https:\/\/tvc16.com\/portal\/wp-json\/wp\/v2\/tags?post=4015"}],"curies":[{"name":"wp","href":"https:\/\/api.w.org\/{rel}","templated":true}]}}