{"id":4026,"date":"2020-10-26T23:56:22","date_gmt":"2020-10-26T23:56:22","guid":{"rendered":"https:\/\/tvc16.com\/portal\/?p=4026"},"modified":"2020-10-26T23:56:22","modified_gmt":"2020-10-26T23:56:22","slug":"prefeito-bernardo-rossi-testa-positivo-para-covid-19","status":"publish","type":"post","link":"https:\/\/tvc16.com\/portal\/2020\/10\/26\/prefeito-bernardo-rossi-testa-positivo-para-covid-19\/","title":{"rendered":"Prefeito Bernardo Rossi testa positivo para Covid-19"},"content":{"rendered":"\n<p><\/p>\n\n\n\n<p>O prefeito Bernardo Rossi anunciou nesta segunda-feira (26), por volta das 20h, que realizou o teste para Covid-19 e confirmou que est\u00e1 com a doen\u00e7a. Ele acredita ter contra\u00eddo o novo coronav\u00edrus durante os trabalhos de campanha que tem realizado. Ele informou ainda que est\u00e1 com sintomas leves e acredita que vai se recuperar em breve. Afirmou tamb\u00e9m que j\u00e1 se encontra em isolamento e que seguir\u00e1 todas as normas m\u00e9dicas.<\/p>\n\n\n\n<figure class=\"wp-block-image size-large\"><img loading=\"lazy\" decoding=\"async\" width=\"960\" height=\"540\" src=\"https:\/\/tvc16.com\/portal\/wp-content\/uploads\/2020\/10\/bernardo-2.jpg\" alt=\"\" class=\"wp-image-4028\" srcset=\"https:\/\/tvc16.com\/portal\/wp-content\/uploads\/2020\/10\/bernardo-2.jpg 960w, https:\/\/tvc16.com\/portal\/wp-content\/uploads\/2020\/10\/bernardo-2-300x169.jpg 300w, https:\/\/tvc16.com\/portal\/wp-content\/uploads\/2020\/10\/bernardo-2-768x432.jpg 768w\" sizes=\"auto, (max-width: 960px) 100vw, 960px\" \/><figcaption>Foto de arquivo &#8211; jornalista Beth de Oliveira, entrevista Bernardo Rossi, dois meses antes do prefeito testar positivo.<\/figcaption><\/figure>\n","protected":false},"excerpt":{"rendered":"<p>O prefeito Bernardo Rossi anunciou nesta segunda-feira (26), por volta das 20h, que realizou o<\/p>\n","protected":false},"author":2,"featured_media":4027,"comment_status":"open","ping_status":"open","sticky":false,"template":"","format":"standard","meta":{"footnotes":""},"categories":[12],"tags":[],"class_list":["post-4026","post","type-post","status-publish","format-standard","has-post-thumbnail","hentry","category-cidade"],"_links":{"self":[{"href":"https:\/\/tvc16.com\/portal\/wp-json\/wp\/v2\/posts\/4026","targetHints":{"allow":["GET"]}}],"collection":[{"href":"https:\/\/tvc16.com\/portal\/wp-json\/wp\/v2\/posts"}],"about":[{"href":"https:\/\/tvc16.com\/portal\/wp-json\/wp\/v2\/types\/post"}],"author":[{"embeddable":true,"href":"https:\/\/tvc16.com\/portal\/wp-json\/wp\/v2\/users\/2"}],"replies":[{"embeddable":true,"href":"https:\/\/tvc16.com\/portal\/wp-json\/wp\/v2\/comments?post=4026"}],"version-history":[{"count":1,"href":"https:\/\/tvc16.com\/portal\/wp-json\/wp\/v2\/posts\/4026\/revisions"}],"predecessor-version":[{"id":4029,"href":"https:\/\/tvc16.com\/portal\/wp-json\/wp\/v2\/posts\/4026\/revisions\/4029"}],"wp:featuredmedia":[{"embeddable":true,"href":"https:\/\/tvc16.com\/portal\/wp-json\/wp\/v2\/media\/4027"}],"wp:attachment":[{"href":"https:\/\/tvc16.com\/portal\/wp-json\/wp\/v2\/media?parent=4026"}],"wp:term":[{"taxonomy":"category","embeddable":true,"href":"https:\/\/tvc16.com\/portal\/wp-json\/wp\/v2\/categories?post=4026"},{"taxonomy":"post_tag","embeddable":true,"href":"https:\/\/tvc16.com\/portal\/wp-json\/wp\/v2\/tags?post=4026"}],"curies":[{"name":"wp","href":"https:\/\/api.w.org\/{rel}","templated":true}]}}