{"id":4031,"date":"2020-10-27T12:17:06","date_gmt":"2020-10-27T12:17:06","guid":{"rendered":"https:\/\/tvc16.com\/portal\/?p=4031"},"modified":"2020-10-27T13:12:17","modified_gmt":"2020-10-27T13:12:17","slug":"trienios-de-2018-serao-regularizados-este-mes","status":"publish","type":"post","link":"https:\/\/tvc16.com\/portal\/2020\/10\/27\/trienios-de-2018-serao-regularizados-este-mes\/","title":{"rendered":"Tri\u00eanios de 2018 s\u00e3o regularizados pelo munic\u00edpio"},"content":{"rendered":"\n<p>No final do ano passado o governo municipal iniciou o pagamento dos tri\u00eanios que estavam congelados por cinco anos. O formato da quita\u00e7\u00e3o do benef\u00edcio aconteceu em blocos. Desde o in\u00edcio dessa a\u00e7\u00e3o, a prefeitura colocou em dia os tri\u00eanios referentes aos anos de 2015, 2016 e 2017. Para o m\u00eas de outubro, ser\u00e3o regularizados os tri\u00eanios referentes ao ano de 2018. Existe ainda a previs\u00e3o de que a progress\u00e3o funcional referente a 2019 seja acrescida ao contracheque dos servidores no m\u00eas de novembro. A progress\u00e3o funcional \u00e9 um direito dos servidores e garante um ganho real nos sal\u00e1rios.<\/p>\n\n\n\n<p>O tri\u00eanio \u00e9 o adicional por tempo de servi\u00e7o que prev\u00ea a raz\u00e3o de 5% (cinco por cento) a cada 3 (tr\u00eas) anos de servi\u00e7o p\u00fablico efetivo prestado, ao munic\u00edpio, estado e uni\u00e3o no que se refere \u00e0 administra\u00e7\u00e3o direta, \u00e0s autarquias e \u00e0s funda\u00e7\u00f5es p\u00fablicas, incidente exclusivamente sobre o vencimento b\u00e1sico do cargo efetivo, conforme prev\u00ea o artigo 110 da Lei 6.946\/2012.<\/p>\n\n\n\n<p>A prefeitura tamb\u00e9m j\u00e1 havia liberado os quinqu\u00eanios e enquadramentos por forma\u00e7\u00e3o. Mais de 3.500 servidores j\u00e1 tiveram esses enquadramentos liberados, o que garantiu, dependendo do caso, aumento real entre 10% e 35% nos sal\u00e1rios. Mas, al\u00e9m disso, a prefeitura garantiu o adicional para os auxiliares de servi\u00e7os gerais, e vem liberando licen\u00e7as pr\u00eamios e realizando o pagamento de f\u00e9rias.&nbsp;<\/p>\n","protected":false},"excerpt":{"rendered":"<p>No final do ano passado o governo municipal iniciou o pagamento dos tri\u00eanios que estavam<\/p>\n","protected":false},"author":2,"featured_media":4032,"comment_status":"open","ping_status":"open","sticky":false,"template":"","format":"standard","meta":{"footnotes":""},"categories":[12],"tags":[],"class_list":["post-4031","post","type-post","status-publish","format-standard","has-post-thumbnail","hentry","category-cidade"],"_links":{"self":[{"href":"https:\/\/tvc16.com\/portal\/wp-json\/wp\/v2\/posts\/4031","targetHints":{"allow":["GET"]}}],"collection":[{"href":"https:\/\/tvc16.com\/portal\/wp-json\/wp\/v2\/posts"}],"about":[{"href":"https:\/\/tvc16.com\/portal\/wp-json\/wp\/v2\/types\/post"}],"author":[{"embeddable":true,"href":"https:\/\/tvc16.com\/portal\/wp-json\/wp\/v2\/users\/2"}],"replies":[{"embeddable":true,"href":"https:\/\/tvc16.com\/portal\/wp-json\/wp\/v2\/comments?post=4031"}],"version-history":[{"count":2,"href":"https:\/\/tvc16.com\/portal\/wp-json\/wp\/v2\/posts\/4031\/revisions"}],"predecessor-version":[{"id":4034,"href":"https:\/\/tvc16.com\/portal\/wp-json\/wp\/v2\/posts\/4031\/revisions\/4034"}],"wp:featuredmedia":[{"embeddable":true,"href":"https:\/\/tvc16.com\/portal\/wp-json\/wp\/v2\/media\/4032"}],"wp:attachment":[{"href":"https:\/\/tvc16.com\/portal\/wp-json\/wp\/v2\/media?parent=4031"}],"wp:term":[{"taxonomy":"category","embeddable":true,"href":"https:\/\/tvc16.com\/portal\/wp-json\/wp\/v2\/categories?post=4031"},{"taxonomy":"post_tag","embeddable":true,"href":"https:\/\/tvc16.com\/portal\/wp-json\/wp\/v2\/tags?post=4031"}],"curies":[{"name":"wp","href":"https:\/\/api.w.org\/{rel}","templated":true}]}}