{"id":4035,"date":"2020-10-27T14:12:23","date_gmt":"2020-10-27T14:12:23","guid":{"rendered":"https:\/\/tvc16.com\/portal\/?p=4035"},"modified":"2020-10-27T14:12:23","modified_gmt":"2020-10-27T14:12:23","slug":"padres-francisco-montemezzo-e-milton-mecabo-apresentam-melhora","status":"publish","type":"post","link":"https:\/\/tvc16.com\/portal\/2020\/10\/27\/padres-francisco-montemezzo-e-milton-mecabo-apresentam-melhora\/","title":{"rendered":"Padres Francisco Montemezzo e Milton Mecab\u00f4 apresentam melhora"},"content":{"rendered":"\n<p>A Diocese de Petr\u00f3polis divulgou nesta ter\u00e7a-feira (27) uma nota informando o estado de sa\u00fade dos Padres Francisco Montemezzo e Milton Mecab\u00f4. Em ambos os casos h\u00e1 melhora significativa no quadro dos pacientes. Pe. Francisco, de 83 anos, passou mal no dia 9 deste m\u00eas, ap\u00f3s sofrer um AVC. Ele permanece internado no Hospital Unimed Petr\u00f3polis, n\u00e3o tem febre e se alimenta bem.<\/p>\n\n\n\n<figure class=\"wp-block-image size-large\"><img loading=\"lazy\" decoding=\"async\" width=\"955\" height=\"1024\" src=\"https:\/\/tvc16.com\/portal\/wp-content\/uploads\/2020\/10\/WhatsApp-Image-2020-10-27-at-10.55.31-1-955x1024.jpeg\" alt=\"\" class=\"wp-image-4038\" srcset=\"https:\/\/tvc16.com\/portal\/wp-content\/uploads\/2020\/10\/WhatsApp-Image-2020-10-27-at-10.55.31-1-955x1024.jpeg 955w, https:\/\/tvc16.com\/portal\/wp-content\/uploads\/2020\/10\/WhatsApp-Image-2020-10-27-at-10.55.31-1-280x300.jpeg 280w, https:\/\/tvc16.com\/portal\/wp-content\/uploads\/2020\/10\/WhatsApp-Image-2020-10-27-at-10.55.31-1-768x823.jpeg 768w, https:\/\/tvc16.com\/portal\/wp-content\/uploads\/2020\/10\/WhatsApp-Image-2020-10-27-at-10.55.31-1.jpeg 1194w\" sizes=\"auto, (max-width: 955px) 100vw, 955px\" \/><\/figure>\n\n\n\n<p>Ainda de acordo com a nota, Pe. Francisco est\u00e1 com o bra\u00e7o e a perna do lado direito dormente, mas, j\u00e1 d\u00e1 sinal de recupera\u00e7\u00e3o. Os m\u00e9dicos acreditam que nas pr\u00f3ximas 48 horas ele receber\u00e1 alta e, por decis\u00e3o do Bispo Diocesano, ser\u00e1 levado para o Lar S\u00e3o Jo\u00e3o de Deus onde continuar\u00e1 o tratamento com todo aparato m\u00e9dico e de enfermagem que facilitar\u00e1 a sua recupera\u00e7\u00e3o.<\/p>\n\n\n\n<p>O Padre Milton Mecab\u00f4 j\u00e1 est\u00e1 no Lar S\u00e3o Jo\u00e3o de Deus, onde se recupera das sequelas deixadas pela Covid-19 que afetou sua mem\u00f3ria e o cora\u00e7\u00e3o. \u201cSua resigna\u00e7\u00e3o \u00e9 surpreendente e foi ele mesmo que pediu para ir para o Lar, em um gesto de humildade e reconhecimento das pr\u00f3prias limita\u00e7\u00f5es. L\u00e1 ele segue acompanhado por m\u00e9dicos e equipe de enfermagem\u201d, diz a nota.<\/p>\n\n\n\n<figure class=\"wp-block-image size-large\"><img loading=\"lazy\" decoding=\"async\" width=\"1024\" height=\"1006\" src=\"https:\/\/tvc16.com\/portal\/wp-content\/uploads\/2020\/10\/WhatsApp-Image-2020-10-27-at-10.55.38-1024x1006.jpeg\" alt=\"\" class=\"wp-image-4037\" srcset=\"https:\/\/tvc16.com\/portal\/wp-content\/uploads\/2020\/10\/WhatsApp-Image-2020-10-27-at-10.55.38-1024x1006.jpeg 1024w, https:\/\/tvc16.com\/portal\/wp-content\/uploads\/2020\/10\/WhatsApp-Image-2020-10-27-at-10.55.38-300x295.jpeg 300w, https:\/\/tvc16.com\/portal\/wp-content\/uploads\/2020\/10\/WhatsApp-Image-2020-10-27-at-10.55.38-768x754.jpeg 768w, https:\/\/tvc16.com\/portal\/wp-content\/uploads\/2020\/10\/WhatsApp-Image-2020-10-27-at-10.55.38.jpeg 1280w\" sizes=\"auto, (max-width: 1024px) 100vw, 1024px\" \/><\/figure>\n\n\n\n<p>O Bispo Diocesano, Dom Greg\u00f3rio Paix\u00e3o informou que os dois sacerdotes podem ser visitados, respeitando os hor\u00e1rios e as orienta\u00e7\u00f5es sanit\u00e1rias de preven\u00e7\u00e3o e da equipe m\u00e9dica e dire\u00e7\u00e3o do Lar. O Bispo afirmou ainda que a presen\u00e7a dos sacerdotes e leigos dar\u00e1 aos dois \u2013 Padre Francisco e Padre Milton &#8211; um novo \u00e2nimo.<\/p>\n\n\n\n<p>\u201cPe\u00e7o que continuem rezando por ambos e por todos aqueles que est\u00e3o diretamente envolvidos para a total recupera\u00e7\u00e3o dos nossos amados sacerdotes\u201d pediu o Bispo Diocesano, enviando a todos uma ben\u00e7\u00e3o.<\/p>\n","protected":false},"excerpt":{"rendered":"<p>A Diocese de Petr\u00f3polis divulgou nesta ter\u00e7a-feira (27) uma nota informando o estado de sa\u00fade<\/p>\n","protected":false},"author":2,"featured_media":4036,"comment_status":"open","ping_status":"open","sticky":false,"template":"","format":"standard","meta":{"footnotes":""},"categories":[12],"tags":[],"class_list":["post-4035","post","type-post","status-publish","format-standard","has-post-thumbnail","hentry","category-cidade"],"_links":{"self":[{"href":"https:\/\/tvc16.com\/portal\/wp-json\/wp\/v2\/posts\/4035","targetHints":{"allow":["GET"]}}],"collection":[{"href":"https:\/\/tvc16.com\/portal\/wp-json\/wp\/v2\/posts"}],"about":[{"href":"https:\/\/tvc16.com\/portal\/wp-json\/wp\/v2\/types\/post"}],"author":[{"embeddable":true,"href":"https:\/\/tvc16.com\/portal\/wp-json\/wp\/v2\/users\/2"}],"replies":[{"embeddable":true,"href":"https:\/\/tvc16.com\/portal\/wp-json\/wp\/v2\/comments?post=4035"}],"version-history":[{"count":1,"href":"https:\/\/tvc16.com\/portal\/wp-json\/wp\/v2\/posts\/4035\/revisions"}],"predecessor-version":[{"id":4039,"href":"https:\/\/tvc16.com\/portal\/wp-json\/wp\/v2\/posts\/4035\/revisions\/4039"}],"wp:featuredmedia":[{"embeddable":true,"href":"https:\/\/tvc16.com\/portal\/wp-json\/wp\/v2\/media\/4036"}],"wp:attachment":[{"href":"https:\/\/tvc16.com\/portal\/wp-json\/wp\/v2\/media?parent=4035"}],"wp:term":[{"taxonomy":"category","embeddable":true,"href":"https:\/\/tvc16.com\/portal\/wp-json\/wp\/v2\/categories?post=4035"},{"taxonomy":"post_tag","embeddable":true,"href":"https:\/\/tvc16.com\/portal\/wp-json\/wp\/v2\/tags?post=4035"}],"curies":[{"name":"wp","href":"https:\/\/api.w.org\/{rel}","templated":true}]}}