{"id":404,"date":"2020-09-13T13:10:40","date_gmt":"2020-09-13T13:10:40","guid":{"rendered":"https:\/\/tvc16.com\/portal\/?p=404"},"modified":"2020-09-13T13:10:40","modified_gmt":"2020-09-13T13:10:40","slug":"setembro-amarelo-pessoas-com-depressao-podem-conseguir-apoio-usando-tecnologia","status":"publish","type":"post","link":"https:\/\/tvc16.com\/portal\/2020\/09\/13\/setembro-amarelo-pessoas-com-depressao-podem-conseguir-apoio-usando-tecnologia\/","title":{"rendered":"Setembro amarelo: pessoas com depress\u00e3o podem conseguir apoio usando tecnologia"},"content":{"rendered":"\n<p>Segundo a Organiza\u00e7\u00e3o Mundial da Sa\u00fade (OMS), a Depress\u00e3o afeta cerca de 300 milh\u00f5es de pessoas em todo o mundo (4,4% da popula\u00e7\u00e3o mundial). No Brasil, a preval\u00eancia \u00e9 um pouco maior do que a m\u00e9dia: 5,5% ou um total de 11,5 milh\u00f5es de brasileiros, n\u00famero que, nas Am\u00e9ricas, s\u00f3 \u00e9 superado pelos Estados Unidos. Ainda de acordo com a OMS, s\u00e3o registrados cerca de 11 mil suic\u00eddios todos os anos no pa\u00eds e mais de 800 mil no mundo, sendo que 97% dos casos est\u00e3o relacionados a transtornos mentais e, em primeiro lugar, \u00e0 Depress\u00e3o.<\/p>\n\n\n\n<ul class=\"wp-block-list\"><li><a href=\"https:\/\/canaltech.com.br\/saude\/inteligencia-artificial-pode-alterar-forma-de-tratar-depressao-160267\/\" target=\"_blank\" rel=\"noreferrer noopener\">Intelig\u00eancia artificial pode alterar forma de tratar depress\u00e3o<\/a><\/li><li><a href=\"https:\/\/canaltech.com.br\/saude\/saude-mental-como-a-tecnologia-tem-ajudado-quem-tem-depressao-152237\/\" target=\"_blank\" rel=\"noreferrer noopener\">Sa\u00fade mental: como a tecnologia tem ajudado quem tem depress\u00e3o?<\/a><\/li><li><a href=\"https:\/\/canaltech.com.br\/saude\/saiba-quais-disturbios-psiquiatricos-podem-ser-causados-pela-covid-19-apos-alta-169277\/\" target=\"_blank\" rel=\"noreferrer noopener\">Saiba quais dist\u00farbios psiqui\u00e1tricos podem ser causados pela COVID-19, ap\u00f3s alta<\/a><\/li><\/ul>\n\n\n\n<p>Com isso, a Janssen, farmac\u00eautica da Johnson &amp; Johnson, deu in\u00edcio ao Movimento Falar Inspira Vida, que marca o Setembro Amarelo e pretende requalificar a conversa sobre a Depress\u00e3o por meio do conhecimento, contribuindo para um ambiente mais favor\u00e1vel a quem precisa de apoio especializado. O projeto conta com a participa\u00e7\u00e3o da Associa\u00e7\u00e3o Brasileira de Familiares, Amigos e Portadores de Transtornos Afetivos (ABRATA), Centro de Valoriza\u00e7\u00e3o da Vida (CVV), Departamento de Psiquiatria da UNIFESP, Instituto Cr\u00f4nicos do Dia a Dia (CDD), Instituto Vita Alere e Vitalk.<\/p>\n\n\n\n<p>Para colocar o objetivo em pr\u00e1tica, o movimento em quest\u00e3o criou um guia que explica como falar da maneira mais adequada sobre Depress\u00e3o e Suic\u00eddio, utilizando como base express\u00f5es e coment\u00e1rios corriqueiros. O material pode ser&nbsp;<a href=\"http:\/\/www.falarinspiravida.com.br\/\" target=\"_blank\" rel=\"noreferrer noopener\">acessado no site<\/a>, baixado e compartilhado.<\/p>\n\n\n\n<p>Dr .Jair Mari, Chefe do Departamento de Psiquiatria e Psicologia M\u00e9dica da Escola Paulista de Medicina da Universidade Federal de S\u00e3o Paulo (Unifesp), explica que a depress\u00e3o \u00e9 um desequil\u00edbrio biol\u00f3gico importante e que afeta todo o organismo. &#8220;A vida estressante que levamos, a viol\u00eancia, a press\u00e3o que sofremos para funcionar em diversos aspectos contribuem para o aumento do n\u00famero de pessoas com o transtorno&#8221;.<\/p>\n\n\n\n<p>O especialista ainda observa: &#8220;Principalmente nos casos graves, a sensa\u00e7\u00e3o de ang\u00fastia e pensamentos m\u00f3rbidos podem fazer com que a que pessoa tenha impulsos suicidas, porque ela n\u00e3o suporta a dor que est\u00e1 sentindo e n\u00e3o v\u00ea sa\u00edda para aquela situa\u00e7\u00e3o. As pessoas com esse desequil\u00edbrio biol\u00f3gico est\u00e3o mais&nbsp;propensas a desenvolver doen\u00e7as autoimunes, c\u00e2ncer e doen\u00e7as cardiovasculares&#8221;.<\/p>\n\n\n\n<p>O Dr. ressalta a necessidade da mobiliza\u00e7\u00e3o da sociedade para construir um pa\u00eds com compaix\u00e3o, altru\u00edsmo, que n\u00e3o negue a ci\u00eancia. &#8220;A luta maior \u00e9 contra o preconceito. \u00c9 nisso que a campanha pode auxiliar muito bem.&nbsp;\u00c9 muito importante que a gente estude a situa\u00e7\u00e3o, ou\u00e7a as pessoas que passaram pelo problema&#8221;, acrescenta.<\/p>\n\n\n\n<p>E vale ficar de olho nos\u00a0sinais que indicam a depress\u00e3o. Segundo Jair,\u00a0os principais s\u00e3o mudan\u00e7a de qualidade de vida, desinteresse, medo do futuro, ang\u00fastia, sensa\u00e7\u00e3o que toma conta\u00a0f\u00edsica, e o mais importante ainda: perda de funcionalidade. &#8220;N\u00e3o conseguir ler o que lia, escrever o que escrevia, guardar o que costumava guardar. Muita irritabilidade, n\u00e3o querer saber das pessoas. O impacto da fincionalidade e sintomas gerais. Esse \u00e9 o momento de buscar ajuda&#8221;, diz o especialista.<\/p>\n\n\n\n<p>Fonte:&nbsp;<a href=\"https:\/\/canaltech.com.br\/comportamento\/setembro-amarelo-pessoas-com-depressao-podem-conseguir-apoio-usando-tecnologia-171014\/\" rel=\"noreferrer noopener\" target=\"_blank\">Canaltech<\/a><\/p>\n","protected":false},"excerpt":{"rendered":"<p>Segundo a Organiza\u00e7\u00e3o Mundial da Sa\u00fade (OMS), a Depress\u00e3o afeta cerca de 300 milh\u00f5es de<\/p>\n","protected":false},"author":2,"featured_media":405,"comment_status":"open","ping_status":"open","sticky":false,"template":"","format":"standard","meta":{"footnotes":""},"categories":[16],"tags":[],"class_list":["post-404","post","type-post","status-publish","format-standard","has-post-thumbnail","hentry","category-colunistas"],"_links":{"self":[{"href":"https:\/\/tvc16.com\/portal\/wp-json\/wp\/v2\/posts\/404","targetHints":{"allow":["GET"]}}],"collection":[{"href":"https:\/\/tvc16.com\/portal\/wp-json\/wp\/v2\/posts"}],"about":[{"href":"https:\/\/tvc16.com\/portal\/wp-json\/wp\/v2\/types\/post"}],"author":[{"embeddable":true,"href":"https:\/\/tvc16.com\/portal\/wp-json\/wp\/v2\/users\/2"}],"replies":[{"embeddable":true,"href":"https:\/\/tvc16.com\/portal\/wp-json\/wp\/v2\/comments?post=404"}],"version-history":[{"count":1,"href":"https:\/\/tvc16.com\/portal\/wp-json\/wp\/v2\/posts\/404\/revisions"}],"predecessor-version":[{"id":406,"href":"https:\/\/tvc16.com\/portal\/wp-json\/wp\/v2\/posts\/404\/revisions\/406"}],"wp:featuredmedia":[{"embeddable":true,"href":"https:\/\/tvc16.com\/portal\/wp-json\/wp\/v2\/media\/405"}],"wp:attachment":[{"href":"https:\/\/tvc16.com\/portal\/wp-json\/wp\/v2\/media?parent=404"}],"wp:term":[{"taxonomy":"category","embeddable":true,"href":"https:\/\/tvc16.com\/portal\/wp-json\/wp\/v2\/categories?post=404"},{"taxonomy":"post_tag","embeddable":true,"href":"https:\/\/tvc16.com\/portal\/wp-json\/wp\/v2\/tags?post=404"}],"curies":[{"name":"wp","href":"https:\/\/api.w.org\/{rel}","templated":true}]}}