{"id":4040,"date":"2020-10-27T15:37:14","date_gmt":"2020-10-27T15:37:14","guid":{"rendered":"https:\/\/tvc16.com\/portal\/?p=4040"},"modified":"2020-10-27T15:37:14","modified_gmt":"2020-10-27T15:37:14","slug":"lojistas-da-rua-teresa-abrem-vagas-para-trabalho-temporario","status":"publish","type":"post","link":"https:\/\/tvc16.com\/portal\/2020\/10\/27\/lojistas-da-rua-teresa-abrem-vagas-para-trabalho-temporario\/","title":{"rendered":"Lojistas da Rua Teresa abrem vagas para trabalho tempor\u00e1rio"},"content":{"rendered":"\n<p>Fim de ano chegando e o com\u00e9rcio de Petr\u00f3polis j\u00e1 se prepara para as contrata\u00e7\u00f5es tempor\u00e1rias. Empres\u00e1rios da Rua Teresa, cerca de 80%, dos que responderam  a pesquisa, disseram que v\u00e3o contratar trabalhadores tempor\u00e1rios. Mas n\u00e3o existe um local que detenha todos os curr\u00edculos ou vagas. Os interessados podem ficar atentos \u00e0s vitrines das lojas ou perfis\u00a0de lojas da Rua Teresa no instagram.<\/p>\n\n\n\n<figure class=\"wp-block-image size-large\"><img loading=\"lazy\" decoding=\"async\" width=\"1024\" height=\"576\" src=\"https:\/\/tvc16.com\/portal\/wp-content\/uploads\/2020\/10\/IMG-20201026-WA0091-1024x576.jpg\" alt=\"\" class=\"wp-image-4041\" srcset=\"https:\/\/tvc16.com\/portal\/wp-content\/uploads\/2020\/10\/IMG-20201026-WA0091-1024x576.jpg 1024w, https:\/\/tvc16.com\/portal\/wp-content\/uploads\/2020\/10\/IMG-20201026-WA0091-300x169.jpg 300w, https:\/\/tvc16.com\/portal\/wp-content\/uploads\/2020\/10\/IMG-20201026-WA0091-768x432.jpg 768w, https:\/\/tvc16.com\/portal\/wp-content\/uploads\/2020\/10\/IMG-20201026-WA0091.jpg 1280w\" sizes=\"auto, (max-width: 1024px) 100vw, 1024px\" \/><\/figure>\n","protected":false},"excerpt":{"rendered":"<p>Fim de ano chegando e o com\u00e9rcio de Petr\u00f3polis j\u00e1 se prepara para as contrata\u00e7\u00f5es<\/p>\n","protected":false},"author":2,"featured_media":4042,"comment_status":"open","ping_status":"open","sticky":false,"template":"","format":"standard","meta":{"footnotes":""},"categories":[12],"tags":[],"class_list":["post-4040","post","type-post","status-publish","format-standard","has-post-thumbnail","hentry","category-cidade"],"_links":{"self":[{"href":"https:\/\/tvc16.com\/portal\/wp-json\/wp\/v2\/posts\/4040","targetHints":{"allow":["GET"]}}],"collection":[{"href":"https:\/\/tvc16.com\/portal\/wp-json\/wp\/v2\/posts"}],"about":[{"href":"https:\/\/tvc16.com\/portal\/wp-json\/wp\/v2\/types\/post"}],"author":[{"embeddable":true,"href":"https:\/\/tvc16.com\/portal\/wp-json\/wp\/v2\/users\/2"}],"replies":[{"embeddable":true,"href":"https:\/\/tvc16.com\/portal\/wp-json\/wp\/v2\/comments?post=4040"}],"version-history":[{"count":1,"href":"https:\/\/tvc16.com\/portal\/wp-json\/wp\/v2\/posts\/4040\/revisions"}],"predecessor-version":[{"id":4043,"href":"https:\/\/tvc16.com\/portal\/wp-json\/wp\/v2\/posts\/4040\/revisions\/4043"}],"wp:featuredmedia":[{"embeddable":true,"href":"https:\/\/tvc16.com\/portal\/wp-json\/wp\/v2\/media\/4042"}],"wp:attachment":[{"href":"https:\/\/tvc16.com\/portal\/wp-json\/wp\/v2\/media?parent=4040"}],"wp:term":[{"taxonomy":"category","embeddable":true,"href":"https:\/\/tvc16.com\/portal\/wp-json\/wp\/v2\/categories?post=4040"},{"taxonomy":"post_tag","embeddable":true,"href":"https:\/\/tvc16.com\/portal\/wp-json\/wp\/v2\/tags?post=4040"}],"curies":[{"name":"wp","href":"https:\/\/api.w.org\/{rel}","templated":true}]}}