{"id":4052,"date":"2020-10-27T18:22:53","date_gmt":"2020-10-27T18:22:53","guid":{"rendered":"https:\/\/tvc16.com\/portal\/?p=4052"},"modified":"2020-10-27T18:22:53","modified_gmt":"2020-10-27T18:22:53","slug":"premio-crianca-2020-abrinq","status":"publish","type":"post","link":"https:\/\/tvc16.com\/portal\/2020\/10\/27\/premio-crianca-2020-abrinq\/","title":{"rendered":"Pr\u00eamio Crian\u00e7a 2020 Abrinq"},"content":{"rendered":"\n<p>Hoje, \u00e0s 15h00, ser\u00e1 realizada a transmiss\u00e3o ao vivo do Pr\u00eamio Crian\u00e7a 2020. Tr\u00eas iniciativas de organiza\u00e7\u00f5es sociais que se destacaram pelas suas atua\u00e7\u00f5es voltadas \u00e0 sa\u00fade mental de crian\u00e7as e adolescentes ser\u00e3o reconhecidas.<\/p>\n\n\n\n<p>O evento ser\u00e1 transmitido simultaneamente pelo nosso&nbsp;<a rel=\"noreferrer noopener\" target=\"_blank\" href=\"https:\/\/fadlink.fadc.org.br\/cl\/PJJ3n\/v3\/d0ae\/DSlvrreYmVp\/BMrl\/F5huFu73zyH\/1\/\"><strong>YouTube<\/strong><\/a>e&nbsp;<strong><a rel=\"noreferrer noopener\" target=\"_blank\" href=\"https:\/\/fadlink.fadc.org.br\/cl\/PJJ3n\/v3\/d0ae\/DSlvrreYmVp\/BMrl\/LDmZdDUNzlT\/1\/\">Facebook<\/a><\/strong>;<\/p>\n","protected":false},"excerpt":{"rendered":"<p>Hoje, \u00e0s 15h00, ser\u00e1 realizada a transmiss\u00e3o ao vivo do Pr\u00eamio Crian\u00e7a 2020. Tr\u00eas iniciativas<\/p>\n","protected":false},"author":2,"featured_media":4053,"comment_status":"open","ping_status":"open","sticky":false,"template":"","format":"standard","meta":{"footnotes":""},"categories":[17],"tags":[],"class_list":["post-4052","post","type-post","status-publish","format-standard","has-post-thumbnail","hentry","category-outras-noticias"],"_links":{"self":[{"href":"https:\/\/tvc16.com\/portal\/wp-json\/wp\/v2\/posts\/4052","targetHints":{"allow":["GET"]}}],"collection":[{"href":"https:\/\/tvc16.com\/portal\/wp-json\/wp\/v2\/posts"}],"about":[{"href":"https:\/\/tvc16.com\/portal\/wp-json\/wp\/v2\/types\/post"}],"author":[{"embeddable":true,"href":"https:\/\/tvc16.com\/portal\/wp-json\/wp\/v2\/users\/2"}],"replies":[{"embeddable":true,"href":"https:\/\/tvc16.com\/portal\/wp-json\/wp\/v2\/comments?post=4052"}],"version-history":[{"count":1,"href":"https:\/\/tvc16.com\/portal\/wp-json\/wp\/v2\/posts\/4052\/revisions"}],"predecessor-version":[{"id":4054,"href":"https:\/\/tvc16.com\/portal\/wp-json\/wp\/v2\/posts\/4052\/revisions\/4054"}],"wp:featuredmedia":[{"embeddable":true,"href":"https:\/\/tvc16.com\/portal\/wp-json\/wp\/v2\/media\/4053"}],"wp:attachment":[{"href":"https:\/\/tvc16.com\/portal\/wp-json\/wp\/v2\/media?parent=4052"}],"wp:term":[{"taxonomy":"category","embeddable":true,"href":"https:\/\/tvc16.com\/portal\/wp-json\/wp\/v2\/categories?post=4052"},{"taxonomy":"post_tag","embeddable":true,"href":"https:\/\/tvc16.com\/portal\/wp-json\/wp\/v2\/tags?post=4052"}],"curies":[{"name":"wp","href":"https:\/\/api.w.org\/{rel}","templated":true}]}}