{"id":4055,"date":"2020-10-27T18:24:56","date_gmt":"2020-10-27T18:24:56","guid":{"rendered":"https:\/\/tvc16.com\/portal\/?p=4055"},"modified":"2020-10-27T18:24:56","modified_gmt":"2020-10-27T18:24:56","slug":"mec-quer-expandir-oferta-de-ead-na-educacao-superior","status":"publish","type":"post","link":"https:\/\/tvc16.com\/portal\/2020\/10\/27\/mec-quer-expandir-oferta-de-ead-na-educacao-superior\/","title":{"rendered":"MEC quer expandir oferta de EaD na educa\u00e7\u00e3o superior"},"content":{"rendered":"\n<p>A proposta \u00e9 coordenada pela Secretaria de Educa\u00e7\u00e3o Superior (SESu) do MEC, que tem acompanhado o crescimento da EaD nos \u00faltimos tempos<\/p>\n\n\n\n<p>Com o intuito de aumentar a oferta de vagas de Educa\u00e7\u00e3o a Dist\u00e2ncia (EaD) na educa\u00e7\u00e3o superior, especialmente nas universidades federais, o Minist\u00e9rio da Educa\u00e7\u00e3o (MEC) criou o Plano de Expans\u00e3o da Educa\u00e7\u00e3o Superior por meio digital.&nbsp;<\/p>\n\n\n\n<p>A proposta \u00e9 coordenada pela Secretaria de Educa\u00e7\u00e3o Superior (SESu) do MEC, que tem acompanhado o crescimento da EaD nos \u00faltimos tempos. Os recursos digitais est\u00e3o sendo cada vez mais utilizados, sobretudo, ap\u00f3s se tornarem a alternativa para manter ou retomar as atividades de ensino em meio \u00e0 pandemia de Covid-19.<\/p>\n\n\n\n<p>Segundo o Censo da Educa\u00e7\u00e3o Superior 2019, divulgado na \u00faltima semana pelo Instituto Nacional de Estudos e Pesquisas Educacionais An\u00edsio Teixeira (Inep), mesmo antes da pandemia os recursos de EaD j\u00e1 estavam em alta. Em 2019, pela primeira vez na hist\u00f3ria da rede privada de ensino, o n\u00famero de ingressantes em cursos EaD foi superior \u00e0 quantidade de estudantes matriculados presencialmente.<\/p>\n\n\n\n<p><strong><a href=\"https:\/\/brasil61.com\/noticias\/investimento-em-educacao-desafia-prefeitos-em-final-de-mandato-bras202363\">Investimento em educa\u00e7\u00e3o desafia prefeitos em final de mandato<\/a><\/strong><\/p>\n\n\n\n<p><a href=\"https:\/\/brasil61.com\/noticias\/mais-de-25-mil-estudantes-de-instituicoes-federais-recebem-chips-do-projeto-alunos-conectados-do-mec-bras202338\"><strong>Mais de 25 mil estudantes de institui\u00e7\u00f5es federais recebem chips do projeto Alunos Conectados do MEC<\/strong><\/a><\/p>\n\n\n\n<p>Al\u00e9m disso, a oferta de EaD seguiu a tend\u00eancia, onde a quantidade de vagas ultrapassou a oferta nos cursos presenciais da educa\u00e7\u00e3o superior, crescendo 45%, enquanto a modalidade presencial cresceu apenas 5,2%.<\/p>\n\n\n\n<p>Para colocar o Plano de Expans\u00e3o da Educa\u00e7\u00e3o Superior em pr\u00e1tica, a Secretaria de Educa\u00e7\u00e3o Superior (SESu) do MEC conta com dois grupos. Um deles \u00e9 o Grupo de Trabalho (GT), formado por t\u00e9cnicos que subsidiar\u00e3o a discuss\u00e3o, a elabora\u00e7\u00e3o e a apresenta\u00e7\u00e3o de estrat\u00e9gias para possibilitar o incentivo, a amplia\u00e7\u00e3o e a democratiza\u00e7\u00e3o da oferta dos cursos de n\u00edvel superior por EaD.<\/p>\n\n\n\n<p>O outro grupo \u00e9 o Comit\u00ea de Orienta\u00e7\u00e3o Estrat\u00e9gica (COE), de car\u00e1ter mais executivo, consultivo e avaliativo, que orientar\u00e1 e acompanhar\u00e1 o desenvolvimento de estrat\u00e9gias, estimular\u00e1 estudos e a\u00e7\u00f5es que viabilizem a EaD e o mapeamento de tecnologias para oferta do ensino em EaD.<\/p>\n\n\n\n<p>Fonte: <a href=\"https:\/\/brasil61.com\/noticias\/mec-quer-expandir-oferta-de-ead-na-educacao-superior-bras202366?email=bethdeoliveira@yahoo.com.br&amp;utm_source=newsletter&amp;utm_medium=newsletter&amp;utm_campaign=newsletter\" target=\"_blank\" rel=\"noreferrer noopener\">Brasil 61<\/a><\/p>\n","protected":false},"excerpt":{"rendered":"<p>A proposta \u00e9 coordenada pela Secretaria de Educa\u00e7\u00e3o Superior (SESu) do MEC, que tem acompanhado<\/p>\n","protected":false},"author":2,"featured_media":4056,"comment_status":"open","ping_status":"open","sticky":false,"template":"","format":"standard","meta":{"footnotes":""},"categories":[19],"tags":[],"class_list":["post-4055","post","type-post","status-publish","format-standard","has-post-thumbnail","hentry","category-educacao"],"_links":{"self":[{"href":"https:\/\/tvc16.com\/portal\/wp-json\/wp\/v2\/posts\/4055","targetHints":{"allow":["GET"]}}],"collection":[{"href":"https:\/\/tvc16.com\/portal\/wp-json\/wp\/v2\/posts"}],"about":[{"href":"https:\/\/tvc16.com\/portal\/wp-json\/wp\/v2\/types\/post"}],"author":[{"embeddable":true,"href":"https:\/\/tvc16.com\/portal\/wp-json\/wp\/v2\/users\/2"}],"replies":[{"embeddable":true,"href":"https:\/\/tvc16.com\/portal\/wp-json\/wp\/v2\/comments?post=4055"}],"version-history":[{"count":1,"href":"https:\/\/tvc16.com\/portal\/wp-json\/wp\/v2\/posts\/4055\/revisions"}],"predecessor-version":[{"id":4057,"href":"https:\/\/tvc16.com\/portal\/wp-json\/wp\/v2\/posts\/4055\/revisions\/4057"}],"wp:featuredmedia":[{"embeddable":true,"href":"https:\/\/tvc16.com\/portal\/wp-json\/wp\/v2\/media\/4056"}],"wp:attachment":[{"href":"https:\/\/tvc16.com\/portal\/wp-json\/wp\/v2\/media?parent=4055"}],"wp:term":[{"taxonomy":"category","embeddable":true,"href":"https:\/\/tvc16.com\/portal\/wp-json\/wp\/v2\/categories?post=4055"},{"taxonomy":"post_tag","embeddable":true,"href":"https:\/\/tvc16.com\/portal\/wp-json\/wp\/v2\/tags?post=4055"}],"curies":[{"name":"wp","href":"https:\/\/api.w.org\/{rel}","templated":true}]}}