{"id":4061,"date":"2020-10-27T18:28:25","date_gmt":"2020-10-27T18:28:25","guid":{"rendered":"https:\/\/tvc16.com\/portal\/?p=4061"},"modified":"2020-10-27T18:31:32","modified_gmt":"2020-10-27T18:31:32","slug":"cns-analisa-plano-nacional-de-saude-2020-2023","status":"publish","type":"post","link":"https:\/\/tvc16.com\/portal\/2020\/10\/27\/cns-analisa-plano-nacional-de-saude-2020-2023\/","title":{"rendered":"CNS analisa Plano Nacional de Sa\u00fade 2020-2023"},"content":{"rendered":"\n<p>O documento \u00e9 o instrumento central de planejamento do Sistema \u00danico de Sa\u00fade (SUS)<\/p>\n\n\n\n<p>O Conselho Nacional de Sa\u00fade (CNS) est\u00e1 em processo de an\u00e1lise do Plano Nacional de Sa\u00fade 2020-2023 enviado pelo Minist\u00e9rio da Sa\u00fade (MS). O documento \u00e9 o instrumento central de planejamento do Sistema \u00danico de Sa\u00fade (SUS).<\/p>\n\n\n\n<p>Ele orienta a implementa\u00e7\u00e3o de todas as iniciativas de gest\u00e3o, deixando expl\u00edcito os compromissos setoriais de governo, al\u00e9m de refletir as necessidades de sa\u00fade da popula\u00e7\u00e3o e a capacidade de oferta p\u00fablica de a\u00e7\u00f5es, servi\u00e7os e produtos para o seu atendimento.&nbsp;<\/p>\n\n\n\n<p>O plano conta com 7 objetivos, 93 metas e 7 projetos. Os objetivos est\u00e3o ligados \u00e0 aten\u00e7\u00e3o prim\u00e1ria, preven\u00e7\u00e3o e controle, aten\u00e7\u00e3o especializada, sa\u00fade ind\u00edgena, medicamentos e insumos estrat\u00e9gicos, conhecimento cient\u00edfico, dentre outras \u00e1reas.<\/p>\n\n\n\n<p><a href=\"https:\/\/brasil61.com\/noticias\/usuarios-frequentes-do-sus-avaliam-melhor-os-servicos-de-atencao-primaria-a-saude-bras202361\"><strong>Usu\u00e1rios frequentes do SUS avaliam melhor os servi\u00e7os de Aten\u00e7\u00e3o Prim\u00e1ria \u00e0 Sa\u00fade<\/strong><\/a><\/p>\n\n\n\n<p><a href=\"https:\/\/brasil61.com\/noticias\/ministerio-da-saude-ja-distribuiu-mais-de-300-milhoes-de-equipamentos-de-protecao-individual-epi-a-estados-e-municipios-bras202349\"><strong>Minist\u00e9rio da Sa\u00fade j\u00e1 distribuiu mais de 300 milh\u00f5es de Equipamentos de Prote\u00e7\u00e3o Individual (EPI) a estados e munic\u00edpios<\/strong><\/a><\/p>\n\n\n\n<p>O documento foi contextualizado para os conselheiros CNS durante sua 65\u00aa Reuni\u00e3o Extraordin\u00e1ria, realizada virtualmente. A expectativa do colegiado \u00e9 que no plano tenham sido acatadas as delibera\u00e7\u00f5es presentes no relat\u00f3rio final da 16\u00aa Confer\u00eancia Nacional de Sa\u00fade, realizada em 2019.<\/p>\n\n\n\n<p>Ap\u00f3s a an\u00e1lise o CNS emitir\u00e1 um parecer sobre o plano. Por conta das condi\u00e7\u00f5es impostas pelo contexto da pandemia, o prazo para a divulga\u00e7\u00e3o ainda n\u00e3o foi definido.<\/p>\n\n\n\n<p>Fonte: <a href=\"https:\/\/brasil61.com\/noticias\/cns-analisa-plano-nacional-de-saude-2020-2023-bras202367?email=bethdeoliveira@yahoo.com.br&amp;utm_source=newsletter&amp;utm_medium=newsletter&amp;utm_campaign=newsletter\" target=\"_blank\" rel=\"noreferrer noopener\">Brasil 61<\/a><\/p>\n","protected":false},"excerpt":{"rendered":"<p>O documento \u00e9 o instrumento central de planejamento do Sistema \u00danico de Sa\u00fade (SUS) O<\/p>\n","protected":false},"author":2,"featured_media":4062,"comment_status":"open","ping_status":"open","sticky":false,"template":"","format":"standard","meta":{"footnotes":""},"categories":[13],"tags":[],"class_list":["post-4061","post","type-post","status-publish","format-standard","has-post-thumbnail","hentry","category-saude"],"_links":{"self":[{"href":"https:\/\/tvc16.com\/portal\/wp-json\/wp\/v2\/posts\/4061","targetHints":{"allow":["GET"]}}],"collection":[{"href":"https:\/\/tvc16.com\/portal\/wp-json\/wp\/v2\/posts"}],"about":[{"href":"https:\/\/tvc16.com\/portal\/wp-json\/wp\/v2\/types\/post"}],"author":[{"embeddable":true,"href":"https:\/\/tvc16.com\/portal\/wp-json\/wp\/v2\/users\/2"}],"replies":[{"embeddable":true,"href":"https:\/\/tvc16.com\/portal\/wp-json\/wp\/v2\/comments?post=4061"}],"version-history":[{"count":1,"href":"https:\/\/tvc16.com\/portal\/wp-json\/wp\/v2\/posts\/4061\/revisions"}],"predecessor-version":[{"id":4063,"href":"https:\/\/tvc16.com\/portal\/wp-json\/wp\/v2\/posts\/4061\/revisions\/4063"}],"wp:featuredmedia":[{"embeddable":true,"href":"https:\/\/tvc16.com\/portal\/wp-json\/wp\/v2\/media\/4062"}],"wp:attachment":[{"href":"https:\/\/tvc16.com\/portal\/wp-json\/wp\/v2\/media?parent=4061"}],"wp:term":[{"taxonomy":"category","embeddable":true,"href":"https:\/\/tvc16.com\/portal\/wp-json\/wp\/v2\/categories?post=4061"},{"taxonomy":"post_tag","embeddable":true,"href":"https:\/\/tvc16.com\/portal\/wp-json\/wp\/v2\/tags?post=4061"}],"curies":[{"name":"wp","href":"https:\/\/api.w.org\/{rel}","templated":true}]}}