{"id":4064,"date":"2020-10-27T18:30:36","date_gmt":"2020-10-27T18:30:36","guid":{"rendered":"https:\/\/tvc16.com\/portal\/?p=4064"},"modified":"2020-10-27T18:30:36","modified_gmt":"2020-10-27T18:30:36","slug":"estados-recebem-mais-de-11-mil-ventiladores-pulmonares","status":"publish","type":"post","link":"https:\/\/tvc16.com\/portal\/2020\/10\/27\/estados-recebem-mais-de-11-mil-ventiladores-pulmonares\/","title":{"rendered":"Estados recebem mais de 11 mil ventiladores pulmonares"},"content":{"rendered":"\n<p><br>O<a href=\"http:\/\/: https:\/\/www.gov.br\/saude\/pt-br\/assuntos\/noticias\/sus-tem-reforco-de-mais-de-11-mil-ventiladores-pulmonares\"> Minist\u00e9rio da Sa\u00fade adquiriu neste m\u00eas de outubro mais de 11.600 ventiladores pulmonares<\/a> para o combate da Covid-19. Os equipamentos est\u00e3o sendo enviados aos estados &nbsp;e a responsabilidade de distribu\u00ed-los aos munic\u00edpios e unidades de sa\u00fade \u00e9 de de cada unidade da federa\u00e7\u00e3o, conforme planejamento local.<\/p>\n\n\n\n<p>Para isso, devem levar em conta a capacidade instalada da rede de assist\u00eancia em sa\u00fade p\u00fablica &#8211; principalmente nos locais onde a transmiss\u00e3o do novo v\u00edrus acontece em maior velocidade.<\/p>\n\n\n\n<p>Todos os estados v\u00e3o receber os aparelhos. Rio de Janeiro dever\u00e1 receber o maior refor\u00e7o, cerca de 1300 ventiladores pulmonares. Minas Gerais receber\u00e1 952 e Paran\u00e1 701.<\/p>\n\n\n\n<p>Os equipamentos fazem parte de um legado do SUS para estados e munic\u00edpios. Com a estrutura formada em raz\u00e3o do enfrentamento \u00e0 doen\u00e7a, as unidades de sa\u00fade poder\u00e3o criar leitos de UTI para atendimentos gerais, n\u00e3o somente para Covid-19. Ao todo, o Minist\u00e9rio da Sa\u00fade enviou 58.324 equipamentos \u00e0s unidades da federa\u00e7\u00e3o.<\/p>\n\n\n\n<p>Al\u00e9m da compra dos equipamentos, a pasta j\u00e1 habilitou mais de 15 mil leitos de UTI em todo o Brasil para atendimento exclusivo a pacientes com coronav\u00edrus. &nbsp;Os custos dos investimentos podem ser acompanhados pela popula\u00e7\u00e3o no painel on-line criado para dar transpar\u00eancia \u00e0s a\u00e7\u00f5es no combate \u00e0 Covid-19.<\/p>\n\n\n\n<p>Fonte: <a href=\"https:\/\/brasil61.com\/noticias\/estados-recebem-mais-de-11-mil-ventiladores-pulmonares-bras202377?email=bethdeoliveira@yahoo.com.br&amp;utm_source=newsletter&amp;utm_medium=newsletter&amp;utm_campaign=newsletter\" target=\"_blank\" rel=\"noreferrer noopener\">Brasil 61<\/a><\/p>\n","protected":false},"excerpt":{"rendered":"<p>O Minist\u00e9rio da Sa\u00fade adquiriu neste m\u00eas de outubro mais de 11.600 ventiladores pulmonares para<\/p>\n","protected":false},"author":2,"featured_media":4065,"comment_status":"open","ping_status":"open","sticky":false,"template":"","format":"standard","meta":{"footnotes":""},"categories":[13],"tags":[],"class_list":["post-4064","post","type-post","status-publish","format-standard","has-post-thumbnail","hentry","category-saude"],"_links":{"self":[{"href":"https:\/\/tvc16.com\/portal\/wp-json\/wp\/v2\/posts\/4064","targetHints":{"allow":["GET"]}}],"collection":[{"href":"https:\/\/tvc16.com\/portal\/wp-json\/wp\/v2\/posts"}],"about":[{"href":"https:\/\/tvc16.com\/portal\/wp-json\/wp\/v2\/types\/post"}],"author":[{"embeddable":true,"href":"https:\/\/tvc16.com\/portal\/wp-json\/wp\/v2\/users\/2"}],"replies":[{"embeddable":true,"href":"https:\/\/tvc16.com\/portal\/wp-json\/wp\/v2\/comments?post=4064"}],"version-history":[{"count":1,"href":"https:\/\/tvc16.com\/portal\/wp-json\/wp\/v2\/posts\/4064\/revisions"}],"predecessor-version":[{"id":4066,"href":"https:\/\/tvc16.com\/portal\/wp-json\/wp\/v2\/posts\/4064\/revisions\/4066"}],"wp:featuredmedia":[{"embeddable":true,"href":"https:\/\/tvc16.com\/portal\/wp-json\/wp\/v2\/media\/4065"}],"wp:attachment":[{"href":"https:\/\/tvc16.com\/portal\/wp-json\/wp\/v2\/media?parent=4064"}],"wp:term":[{"taxonomy":"category","embeddable":true,"href":"https:\/\/tvc16.com\/portal\/wp-json\/wp\/v2\/categories?post=4064"},{"taxonomy":"post_tag","embeddable":true,"href":"https:\/\/tvc16.com\/portal\/wp-json\/wp\/v2\/tags?post=4064"}],"curies":[{"name":"wp","href":"https:\/\/api.w.org\/{rel}","templated":true}]}}