{"id":407,"date":"2020-09-13T13:14:05","date_gmt":"2020-09-13T13:14:05","guid":{"rendered":"https:\/\/tvc16.com\/portal\/?p=407"},"modified":"2020-09-13T13:14:05","modified_gmt":"2020-09-13T13:14:05","slug":"vem-ai-a-terceira-edicao-do-deguste-live-show","status":"publish","type":"post","link":"https:\/\/tvc16.com\/portal\/2020\/09\/13\/vem-ai-a-terceira-edicao-do-deguste-live-show\/","title":{"rendered":"Vem a\u00ed a terceira edi\u00e7\u00e3o do Deguste Live Show"},"content":{"rendered":"\n<p>A feira Deguste em parceira com a F\u00e1brika Talentos vai promover no pr\u00f3ximo s\u00e1bado (19\/09), \u00e0s 20h, a terceira edi\u00e7\u00e3o do Projeto Deguste Live Show. O intuito \u00e9 levar cultura e entretenimento ao espectador, a partir de atra\u00e7\u00f5es musicais que incentivem o p\u00fablico a ficar em casa neste per\u00edodo de pandemia da Covid-19.<\/p>\n\n\n\n<p>Esta edi\u00e7\u00e3o contar\u00e1 com a presen\u00e7a da Banda S ou S, que vai se apresentar no palco da Deguste Live Show, cuidadosamente planejado pela equipe tendo em vista as medidas de seguran\u00e7a adotadas para preven\u00e7\u00e3o do cont\u00e1gio do novo corona v\u00edrus. A live, que acontece no pr\u00f3ximo s\u00e1bado (19\/09), foi planejada com a equipe reduzida, respeitando todas as recomenda\u00e7\u00f5es dos \u00f3rg\u00e3os competentes; como distanciamento m\u00ednimo, esteriliza\u00e7\u00e3o de todo o ambiente e utiliza\u00e7\u00e3o de \u00e1lcool em gel. &#8220;A inten\u00e7\u00e3o do projeto \u00e9 entreter o p\u00fablico e valorizar o cen\u00e1rio art\u00edstico local\u201d, ressalta o diretor da Feira Deguste, Rodrigo Duarte.<\/p>\n\n\n\n<p>V\u00e1rios sorteios de produtos de empresas apoiadoras do projeto ser\u00e3o realizados durante a live para quem estiver assistindo ao vivo. Empresas petropolitanas est\u00e3o apoiando a a\u00e7\u00e3o e refor\u00e7ando a mensagem de isolamento social, \u00fanica medida cientificamente comprovada para conter o cont\u00e1gio da pandemia. Mais informa\u00e7\u00f5es nas redes sociais da Feira Deguste e da F\u00e1brika Talentos.<\/p>\n","protected":false},"excerpt":{"rendered":"<p>A feira Deguste em parceira com a F\u00e1brika Talentos vai promover no pr\u00f3ximo s\u00e1bado (19\/09),<\/p>\n","protected":false},"author":2,"featured_media":408,"comment_status":"open","ping_status":"open","sticky":false,"template":"","format":"standard","meta":{"footnotes":""},"categories":[12],"tags":[],"class_list":["post-407","post","type-post","status-publish","format-standard","has-post-thumbnail","hentry","category-cidade"],"_links":{"self":[{"href":"https:\/\/tvc16.com\/portal\/wp-json\/wp\/v2\/posts\/407","targetHints":{"allow":["GET"]}}],"collection":[{"href":"https:\/\/tvc16.com\/portal\/wp-json\/wp\/v2\/posts"}],"about":[{"href":"https:\/\/tvc16.com\/portal\/wp-json\/wp\/v2\/types\/post"}],"author":[{"embeddable":true,"href":"https:\/\/tvc16.com\/portal\/wp-json\/wp\/v2\/users\/2"}],"replies":[{"embeddable":true,"href":"https:\/\/tvc16.com\/portal\/wp-json\/wp\/v2\/comments?post=407"}],"version-history":[{"count":1,"href":"https:\/\/tvc16.com\/portal\/wp-json\/wp\/v2\/posts\/407\/revisions"}],"predecessor-version":[{"id":409,"href":"https:\/\/tvc16.com\/portal\/wp-json\/wp\/v2\/posts\/407\/revisions\/409"}],"wp:featuredmedia":[{"embeddable":true,"href":"https:\/\/tvc16.com\/portal\/wp-json\/wp\/v2\/media\/408"}],"wp:attachment":[{"href":"https:\/\/tvc16.com\/portal\/wp-json\/wp\/v2\/media?parent=407"}],"wp:term":[{"taxonomy":"category","embeddable":true,"href":"https:\/\/tvc16.com\/portal\/wp-json\/wp\/v2\/categories?post=407"},{"taxonomy":"post_tag","embeddable":true,"href":"https:\/\/tvc16.com\/portal\/wp-json\/wp\/v2\/tags?post=407"}],"curies":[{"name":"wp","href":"https:\/\/api.w.org\/{rel}","templated":true}]}}