{"id":4073,"date":"2020-10-27T18:37:47","date_gmt":"2020-10-27T18:37:47","guid":{"rendered":"https:\/\/tvc16.com\/portal\/?p=4073"},"modified":"2020-10-27T18:37:47","modified_gmt":"2020-10-27T18:37:47","slug":"governo-federal-estuda-implementar-reconhecimento-facial-para-encontrar-criancas-desaparecidas","status":"publish","type":"post","link":"https:\/\/tvc16.com\/portal\/2020\/10\/27\/governo-federal-estuda-implementar-reconhecimento-facial-para-encontrar-criancas-desaparecidas\/","title":{"rendered":"Governo Federal estuda implementar reconhecimento facial para encontrar crian\u00e7as desaparecidas"},"content":{"rendered":"\n<p>Comitiva do Minist\u00e9rio da Mulher, da Fam\u00edlia e dos Direitos Humanos ir\u00e1 a Porto Alegre para conhecer o sistema<\/p>\n\n\n\n<p>O Minist\u00e9rio da Mulher, da Fam\u00edlia e dos Direitos Humanos (MMFDH) estuda implementar uma ferramenta de reconhecimento facial que poder\u00e1 ser usada na identifica\u00e7\u00e3o e localiza\u00e7\u00e3o de crian\u00e7as desaparecidas em todo o pa\u00eds. A ferramenta \u00e9 utilizada pelo Departamento de Comando e Controle Integrado (DCCI) e pelo Centro de Per\u00edcias, \u00f3rg\u00e3os do governo do Rio Grande do Sul.&nbsp;<\/p>\n\n\n\n<p><strong><a href=\"https:\/\/brasil61.com\/noticias\/governo-lanca-plano-de-contingencia-para-pessoas-vulneraveis-com-investimento-de-r-4-7-bilhoes-pran208587\" target=\"_blank\" rel=\"noreferrer noopener\">Governo lan\u00e7a Plano de Conting\u00eancia para Pessoas Vulner\u00e1veis com investimento de R$ 4,7 bilh\u00f5es<\/a><\/strong><\/p>\n\n\n\n<p>Nesta segunda-feira (26), uma comitiva da pasta ir\u00e1 \u00e0 capital ga\u00facha para conferir uma demonstra\u00e7\u00e3o do mecanismo. A ministra Damares Alves comp\u00f5e o grupo. Al\u00e9m de conhecer o sistema de reconhecimento facial, a comitiva participar\u00e1, no per\u00edodo da manh\u00e3, de uma uma homenagem na Assembleia Legislativa do Rio Grande do Sul. O grupo tamb\u00e9m ter\u00e1 um encontra com o governador do estado, Eduardo Leite (PSDB).&nbsp;<\/p>\n\n\n\n<p>Fonte: <a href=\"https:\/\/brasil61.com\/noticias\/governo-federal-estuda-implementar-reconhecimento-facial-para-encontrar-criancas-desaparecidas-bras202358?email=bethdeoliveira@yahoo.com.br&amp;utm_source=newsletter&amp;utm_medium=newsletter&amp;utm_campaign=newsletter\" target=\"_blank\" rel=\"noreferrer noopener\">Brasil 61<\/a><\/p>\n","protected":false},"excerpt":{"rendered":"<p>Comitiva do Minist\u00e9rio da Mulher, da Fam\u00edlia e dos Direitos Humanos ir\u00e1 a Porto Alegre<\/p>\n","protected":false},"author":2,"featured_media":4074,"comment_status":"open","ping_status":"open","sticky":false,"template":"","format":"standard","meta":{"footnotes":""},"categories":[14],"tags":[],"class_list":["post-4073","post","type-post","status-publish","format-standard","has-post-thumbnail","hentry","category-pais"],"_links":{"self":[{"href":"https:\/\/tvc16.com\/portal\/wp-json\/wp\/v2\/posts\/4073","targetHints":{"allow":["GET"]}}],"collection":[{"href":"https:\/\/tvc16.com\/portal\/wp-json\/wp\/v2\/posts"}],"about":[{"href":"https:\/\/tvc16.com\/portal\/wp-json\/wp\/v2\/types\/post"}],"author":[{"embeddable":true,"href":"https:\/\/tvc16.com\/portal\/wp-json\/wp\/v2\/users\/2"}],"replies":[{"embeddable":true,"href":"https:\/\/tvc16.com\/portal\/wp-json\/wp\/v2\/comments?post=4073"}],"version-history":[{"count":1,"href":"https:\/\/tvc16.com\/portal\/wp-json\/wp\/v2\/posts\/4073\/revisions"}],"predecessor-version":[{"id":4075,"href":"https:\/\/tvc16.com\/portal\/wp-json\/wp\/v2\/posts\/4073\/revisions\/4075"}],"wp:featuredmedia":[{"embeddable":true,"href":"https:\/\/tvc16.com\/portal\/wp-json\/wp\/v2\/media\/4074"}],"wp:attachment":[{"href":"https:\/\/tvc16.com\/portal\/wp-json\/wp\/v2\/media?parent=4073"}],"wp:term":[{"taxonomy":"category","embeddable":true,"href":"https:\/\/tvc16.com\/portal\/wp-json\/wp\/v2\/categories?post=4073"},{"taxonomy":"post_tag","embeddable":true,"href":"https:\/\/tvc16.com\/portal\/wp-json\/wp\/v2\/tags?post=4073"}],"curies":[{"name":"wp","href":"https:\/\/api.w.org\/{rel}","templated":true}]}}