{"id":4081,"date":"2020-10-27T18:53:34","date_gmt":"2020-10-27T18:53:34","guid":{"rendered":"https:\/\/tvc16.com\/portal\/?p=4081"},"modified":"2020-10-27T18:53:34","modified_gmt":"2020-10-27T18:53:34","slug":"demora-para-escolher-presidente-da-cmo-atrasa-votacao-de-r-272-bilhoes-em-creditos-adicionais","status":"publish","type":"post","link":"https:\/\/tvc16.com\/portal\/2020\/10\/27\/demora-para-escolher-presidente-da-cmo-atrasa-votacao-de-r-272-bilhoes-em-creditos-adicionais\/","title":{"rendered":"Demora para escolher presidente da CMO atrasa vota\u00e7\u00e3o de R$ 27,2 bilh\u00f5es em cr\u00e9ditos adicionais"},"content":{"rendered":"\n<p>O l\u00edder do PDT, senador Weverton (MA), criticou a demora para a instala\u00e7\u00e3o da CMO. Segundo o parlamentar, esse tipo de atrito, acarreta lentid\u00e3o no desenvolvimento do pa\u00eds<\/p>\n\n\n\n<p>A demora na <a href=\"https:\/\/www.camara.leg.br\/\">C\u00e2mara dos Deputados<\/a> para escolher o novo presidente da Comiss\u00e3o Mista de Or\u00e7amento <a href=\"https:\/\/www2.camara.leg.br\/atividade-legislativa\/comissoes\/comissoes-mistas\/cmo\">(CMO)<\/a> pode causar um certo impacto na economia do pa\u00eds. Isso porque esse impasse trava a vota\u00e7\u00e3o de 29 projetos de lei do <a href=\"https:\/\/www.congressonacional.leg.br\/\">Congresso Nacional<\/a> (PLNs) que liberam R$ 27,2 bilh\u00f5es em cr\u00e9ditos adicionais ao Or\u00e7amento.<\/p>\n\n\n\n<p>Ao todo, 18 propostas, que representam um valor superior a R$ 25,5 bilh\u00f5es, s\u00e3o de interesse de \u00f3rg\u00e3os ligados ao Poder Executivo. Outros quatro projetos, que equivalem a R$ 1,6 bilh\u00e3o, tratam de investimentos em estatais, enquanto sete deles, que totalizam R$ 81,8 milh\u00f5es, beneficiam o Poder Judici\u00e1rio, o Minist\u00e9rio P\u00fablico e a Defensoria P\u00fablica da Uni\u00e3o.<\/p>\n\n\n\n<p>O l\u00edder do PDT, senador <a href=\"https:\/\/www25.senado.leg.br\/web\/senadores\/senador\/-\/perfil\/5411\">Weverton<\/a> (MA), criticou a demora para a instala\u00e7\u00e3o da CMO. Segundo o parlamentar, esse tipo de atrito, acarreta lentid\u00e3o no desenvolvimento do pa\u00eds, uma vez que interrompe a tramita\u00e7\u00e3o do projeto de Lei Or\u00e7ament\u00e1ria Anual do pr\u00f3ximo ano (PLN 28\/2020).<\/p>\n\n\n\n<p>\u201cJ\u00e1 estamos chegando no m\u00eas de novembro. Essa comiss\u00e3o vai ter vida \u00fatil praticamente de dois meses e, a cada dia que passa, corre o risco de n\u00e3o ser instalada para discutir essa pe\u00e7a importante que rege todas as pol\u00edticas p\u00fablicas do pa\u00eds. Uma comiss\u00e3o como essa tem que funcionar no acordo, precisa ter di\u00e1logo\u201d, pontuou o senador.<\/p>\n\n\n\n<p>\u201cA imprensa j\u00e1 me perguntou se est\u00e1vamos planejando levar o Or\u00e7amento de 2021 direto para o Plen\u00e1rio. N\u00e3o quero acreditar nisso. Uma pe\u00e7a importante como o Or\u00e7amento n\u00e3o d\u00e1 para ser a toque de caixa no Plen\u00e1rio. Isso abriria um precedente sem tamanho\u201d, concluiu Weverton.<\/p>\n\n\n\n<p>No \u00faltimo m\u00eas, os l\u00edderes partid\u00e1rios tentaram por duas vezes, sem sucesso, escolher o presidente o colegiado. De acordo com o rod\u00edzio peri\u00f3dico que h\u00e1 entre <a href=\"https:\/\/www12.senado.leg.br\/hpsenado\">Senado<\/a> e C\u00e2mara, a presid\u00eancia da CMO ser\u00e1 atribu\u00edda a um deputado, neste ano. Entre os parlamentares, h\u00e1 um grupo que apoia o deputado <a href=\"https:\/\/www.camara.leg.br\/deputados\/178854\">Elmar Nascimento<\/a> (DEM-BA) para assumir o cargo, enquanto outro defende o nome da deputada <a href=\"https:\/\/www.camara.leg.br\/deputados\/204354\">Fl\u00e1via Arruda<\/a> (PL-DF).<\/p>\n\n\n\n<figure class=\"wp-block-image\"><img decoding=\"async\" src=\"\/\/s3-sa-east-1.amazonaws.com\/agencia-radio-arb\/3054\/content_WhatsApp_Image_2020-10-26_at_15.15.59.jpeg\" alt=\"\" title=\"Brasil 61\"\/><\/figure>\n\n\n\n<p>O senador <a href=\"https:\/\/www25.senado.leg.br\/web\/senadores\/senador\/-\/perfil\/5523\">Otto Alencar<\/a> (PSD -BA) criticou a interfer\u00eancia do Poder Executivo na disputa. O congressista classificou a situa\u00e7\u00e3o como uma \u201cqueda de bra\u00e7o\u201d entre grupos rivais na C\u00e2mara.<\/p>\n\n\n\n<p>\u201cEssa falta de acordo para a indica\u00e7\u00e3o do presidente da CMO vem causando muitos danos ao Brasil e ao Or\u00e7amento da Uni\u00e3o neste ano e no pr\u00f3ximo. Lamento muito porque \u00e9 uma briga entre dois grupos dentro da C\u00e2mara que, ao contr\u00e1rio de pensar no interesse coletivo do pa\u00eds, pensam nos interesses de ordem pessoal, \u201cgrupista\u201d, setorial e partid\u00e1rio\u201d, destacou Otto.<\/p>\n\n\n\n<p>Na avalia\u00e7\u00e3o do professor e especialista em finan\u00e7as, Marcos Melo, o atraso na libera\u00e7\u00e3o dos cerca de R$ 27 bilh\u00f5es pode, de fato, gerar um impacto na economia, mas n\u00e3o de maneira muito intensa, caso n\u00e3o haja a aprova\u00e7\u00e3o dos projetos dentro do \u00e2mbito do or\u00e7amento de 2021.<\/p>\n\n\n\n<p>\u201cA situa\u00e7\u00e3o fiscal, que j\u00e1 n\u00e3o era confort\u00e1vel, piorou bastante por causa da necessidade de gastos extras no combate \u00e0 pandemia. O fato de voc\u00ea atrasar ou n\u00e3o seguir um determinado plano para aprovar o or\u00e7amento de 2021, acaba pressionando o aumento do gasto, especialmente o cuidado com rela\u00e7\u00e3o ao teto\u201d, opina Marcos Melo.<\/p>\n\n\n\n<h2 class=\"wp-block-heading\">Fim do prazo<\/h2>\n\n\n\n<p>O prazo para que o Poder Executivo enviasse propostas de cr\u00e9ditos adicionais ao Congresso terminou no \u00faltimo dia 15 deste m\u00eas. Os cr\u00e9ditos suplementares refor\u00e7am dota\u00e7\u00f5es j\u00e1 existentes, enquanto os especiais criam gastos que n\u00e3o haviam sido previstos na \u00e9poca da elabora\u00e7\u00e3o do projeto de lei or\u00e7ament\u00e1ria.<\/p>\n\n\n\n<p><a href=\"https:\/\/brasil61.com\/noticias\/retomada-da-economia-do-brasil-no-pos-pandemia-sera-melhor-com-bom-desempenho-das-micro-e-pequenas-empresas-sebr200012\"><strong>Retomada da economia do Brasil no p\u00f3s-pandemia ser\u00e1 melhor com bom desempenho das micro e pequenas empresas<\/strong><\/a><\/p>\n\n\n\n<p><a href=\"https:\/\/brasil61.com\/noticias\/arrecadacao-prevista-pelo-governo-federal-em-2020-deve-ter-queda-brutal-avalia-ifi-bras202322\"><strong>Arrecada\u00e7\u00e3o prevista pelo Governo Federal em 2020 deve ter queda \u2018brutal\u2019, avalia IFI<\/strong><\/a><\/p>\n\n\n\n<p><a href=\"https:\/\/brasil61.com\/noticias\/representantes-da-industria-e-lider-do-governo-na-camara-debatem-caminhos-para-retomada-economica-do-pais-pind202221\"><strong>Representantes da ind\u00fastria e l\u00edder do governo na C\u00e2mara debatem caminhos para retomada econ\u00f4mica do pa\u00eds<\/strong><\/a><\/p>\n\n\n\n<p>Os 29 PLNs foram encaminhados para an\u00e1lise inicial da CMO, que ainda n\u00e3o foi instalada nesta sess\u00e3o legislativa. Nos primeiros seis meses do ano, as atividades presenciais no Congresso Nacional foram suspensas por conta da pandemia. Um ato conjunto editado pelas Mesas das duas Casas prev\u00ea que, ap\u00f3s o prazo para o recebimento de emendas, os PLNs que ainda n\u00e3o tenham sido votados na Comiss\u00e3o Mista de Or\u00e7amento podem ser pautados no Plen\u00e1rio do Congresso. Dos 29 projetos, 16 est\u00e3o nessa situa\u00e7\u00e3o.<\/p>\n\n\n\n<p>Fonte: <a href=\"https:\/\/brasil61.com\/noticias\/demora-para-escolher-presidente-da-cmo-atrasa-votacao-de-r-27-2-bilhoes-em-creditos-adicionais-bras202362?email=bethdeoliveira@yahoo.com.br&amp;utm_source=newsletter&amp;utm_medium=newsletter&amp;utm_campaign=newsletter\" target=\"_blank\" rel=\"noreferrer noopener\">Brasil 61<\/a><\/p>\n","protected":false},"excerpt":{"rendered":"<p>O l\u00edder do PDT, senador Weverton (MA), criticou a demora para a instala\u00e7\u00e3o da CMO.<\/p>\n","protected":false},"author":2,"featured_media":4082,"comment_status":"open","ping_status":"open","sticky":false,"template":"","format":"standard","meta":{"footnotes":""},"categories":[15],"tags":[],"class_list":["post-4081","post","type-post","status-publish","format-standard","has-post-thumbnail","hentry","category-politica"],"_links":{"self":[{"href":"https:\/\/tvc16.com\/portal\/wp-json\/wp\/v2\/posts\/4081","targetHints":{"allow":["GET"]}}],"collection":[{"href":"https:\/\/tvc16.com\/portal\/wp-json\/wp\/v2\/posts"}],"about":[{"href":"https:\/\/tvc16.com\/portal\/wp-json\/wp\/v2\/types\/post"}],"author":[{"embeddable":true,"href":"https:\/\/tvc16.com\/portal\/wp-json\/wp\/v2\/users\/2"}],"replies":[{"embeddable":true,"href":"https:\/\/tvc16.com\/portal\/wp-json\/wp\/v2\/comments?post=4081"}],"version-history":[{"count":1,"href":"https:\/\/tvc16.com\/portal\/wp-json\/wp\/v2\/posts\/4081\/revisions"}],"predecessor-version":[{"id":4083,"href":"https:\/\/tvc16.com\/portal\/wp-json\/wp\/v2\/posts\/4081\/revisions\/4083"}],"wp:featuredmedia":[{"embeddable":true,"href":"https:\/\/tvc16.com\/portal\/wp-json\/wp\/v2\/media\/4082"}],"wp:attachment":[{"href":"https:\/\/tvc16.com\/portal\/wp-json\/wp\/v2\/media?parent=4081"}],"wp:term":[{"taxonomy":"category","embeddable":true,"href":"https:\/\/tvc16.com\/portal\/wp-json\/wp\/v2\/categories?post=4081"},{"taxonomy":"post_tag","embeddable":true,"href":"https:\/\/tvc16.com\/portal\/wp-json\/wp\/v2\/tags?post=4081"}],"curies":[{"name":"wp","href":"https:\/\/api.w.org\/{rel}","templated":true}]}}