{"id":4084,"date":"2020-10-27T18:55:29","date_gmt":"2020-10-27T18:55:29","guid":{"rendered":"https:\/\/tvc16.com\/portal\/?p=4084"},"modified":"2020-10-27T18:55:29","modified_gmt":"2020-10-27T18:55:29","slug":"lrf-proibe-gestor-de-assumir-despesas-sem-caixa-suficiente","status":"publish","type":"post","link":"https:\/\/tvc16.com\/portal\/2020\/10\/27\/lrf-proibe-gestor-de-assumir-despesas-sem-caixa-suficiente\/","title":{"rendered":"LRF pro\u00edbe gestor de assumir despesas sem caixa suficiente"},"content":{"rendered":"\n<p>Retirada do artigo abre margem para interpreta\u00e7\u00f5es, dizem especialistas<\/p>\n\n\n\n<p>Diante da crise causada pela pandemia da Covid-19, o Congresso Nacional se viu obrigado a criar um socorro a estados e munic\u00edpios para minimizar os impactos da calamidade p\u00fablica. A Lei Complementar 173\/20 cria o Programa Federativo de Enfrentamento ao Coronav\u00edrus e afasta da Lei de Responsabilidade Fiscal (LRF) a obriga\u00e7\u00e3o do gestor p\u00fablico de, nos \u00faltimos oito meses de mandato, n\u00e3o assumir despesas sem deixar caixa suficiente para pag\u00e1-las.<br><br>Na pr\u00e1tica, a LRF estabelece que \u00e9 necess\u00e1rio deixar verba para honrar os compromissos assumidos, mesmo que o pagamento s\u00f3 ocorra depois. Assim, a legisla\u00e7\u00e3o blinda o novo gestor p\u00fablico eleito de assumir o cargo j\u00e1 arcando com d\u00edvidas acumuladas pelo antecessor. Com a retirada dessa regra da lei, embora a inten\u00e7\u00e3o seja ampliar o combate \u00e0 pandemia, h\u00e1 espa\u00e7o para interpreta\u00e7\u00e3o do dispositivo. S\u00e3o 33 Tribunais de Contas em exerc\u00edcio espalhados pelo territ\u00f3rio nacional, cada um com diversos conselheiros, o que possibilita decis\u00f5es de formas distintas.&nbsp;<br><br>\u201cO afastamento do artigo da LRF tem uma reda\u00e7\u00e3o d\u00fabia, amb\u00edgua, que permite interpreta\u00e7\u00f5es mais amplas do que o objetivo da norma previa inicialmente. Pela pr\u00f3pria funcionalidade dessa norma, a atua\u00e7\u00e3o deveria ficar circunscrita aos d\u00e9bitos ou aos cr\u00e9ditos relacionados especificamente ao combate \u00e0 Covid-19\u201d, analisa Thiago Sorrentino, professor de Direito Financeiro do Ibmec do Distrito Federal.&nbsp;<br><br>Na avalia\u00e7\u00e3o de Sorrentino, n\u00e3o \u00e9 dif\u00edcil separar o que \u00e9 despesa causada pela pandemia do que \u00e9 lacuna deixada pela gest\u00e3o local em si. \u201c\u00c9 sim poss\u00edvel separar. Deve-se verificar todos os gastos que foram diretamente aplicados no combate \u00e0 pandemia daquilo que normalmente \u00e9 gasto pelo poder p\u00fablico frente \u00e0s despesas. Ainda que sejam despesas importantes, elas ficariam fora se n\u00e3o forem diretamente relacionadas \u00e0 pandemia. De um modo t\u00e9cnico e cont\u00e1bil, \u00e9 perfeitamente poss\u00edvel fazer essa separa\u00e7\u00e3o de despesas\u201d, completa.&nbsp;<br><br>O advogado especialista em Administra\u00e7\u00e3o P\u00fablica, Karlos Gad Gomes, destaca que a retirada do artigo da LRF abre espa\u00e7o para que gestores p\u00fablicos maquiem os gastos. \u201cO afastamento do artigo pode causar um rombo enorme nas despesas p\u00fablicas, especialmente dos munic\u00edpios. Os gestores podem maquiar os seus gastos, podem relacionar esses gastos diversos com a pandemia. Em tese, eles ter\u00e3o uma carta branca para fazer isso sem sofrer nenhum tipo de a\u00e7\u00e3o de improbidade\u201d diz.&nbsp;<\/p>\n\n\n\n<p><strong><a href=\"https:\/\/brasil61.com\/noticias\/retomada-da-economia-do-brasil-no-pos-pandemia-sera-melhor-com-bom-desempenho-das-micro-e-pequenas-empresas-sebr200012\">Retomada da economia do Brasil no p\u00f3s-pandemia ser\u00e1 melhor com bom desempenho das micro e pequenas empresas<\/a><\/strong><\/p>\n\n\n\n<p><strong><a href=\"https:\/\/brasil61.com\/noticias\/estados-e-municipios-poderao-usar-repasses-federais-ate-o-fim-de-2021-bras202309\">Estados e munic\u00edpios poder\u00e3o usar repasses federais at\u00e9 o fim de 2021<\/a><\/strong><\/p>\n\n\n\n<p><strong><a href=\"https:\/\/brasil61.com\/noticias\/gestores-municipais-temem-acusacoes-de-orgaos-de-controle-sobre-gastos-indevidos-com-a-covid-19-bras202188\">Gestores municipais temem acusa\u00e7\u00f5es de \u00f3rg\u00e3os de controle sobre gastos indevidos com a Covid-19<\/a><\/strong><\/p>\n\n\n\n<h2 class=\"wp-block-heading\">Respiro<\/h2>\n\n\n\n<p>Mesmo com a brecha aberta pela retirada da regra da Lei de Reponsabilidade Fiscal, Karlos Gad Gomes acredita que o socorro federal dados aos estados e munic\u00edpios traz um al\u00edvio para as contas p\u00fablicas. \u201cUma vez instaurada a situa\u00e7\u00e3o de calamidade p\u00fablica, diversos setores pararam de funcionar, principalmente do setor privado, o que diminuiu drasticamente o poder de arrecada\u00e7\u00e3o dos munic\u00edpios. A LC 173 estipula valores que a Uni\u00e3o entregar\u00e1 para os munic\u00edpios e os munic\u00edpios n\u00e3o ter\u00e3o que pagar, no momento, d\u00edvidas que contra\u00edram com a Uni\u00e3o\u201d, diz. &nbsp;<br><br>A Confedera\u00e7\u00e3o Nacional dos Munic\u00edpios (CNM) entende que toda a receita do munic\u00edpio foi comprometida. Por esse motivo, a entidade acredita que o texto da Lei Complementar 173 deveria abranger todas as despesas executadas durante o per\u00edodo da crise sanit\u00e1ria.<br><br>\u201cComo a receita \u00e9 balizador para verifica\u00e7\u00e3o do cumprimento do artigo 42, ou seja, se ele (gestor) n\u00e3o teve receita suficiente, n\u00e3o tem como garantir que aquela despesa seja paga dentro do exerc\u00edcio ou que consiga deixar recurso em conta para subsidiar os restos a pagar. Na nossa opini\u00e3o, esse texto deveria ser abrangente a todas as despesas feitas ao longo da pandemia, haja vista tamb\u00e9m que todas as receitas tiveram impacto negativo de arrecada\u00e7\u00e3o\u201d, destaca Marcus Cunha, analista t\u00e9cnico da \u00e1rea de contabilidade da CNM.&nbsp;<\/p>\n\n\n\n<p>Fonte: <a href=\"https:\/\/brasil61.com\/noticias\/lrf-proibe-gestor-de-assumir-despesas-sem-caixa-suficiente-bras202360?email=bethdeoliveira@yahoo.com.br&amp;utm_source=newsletter&amp;utm_medium=newsletter&amp;utm_campaign=newsletter\" target=\"_blank\" rel=\"noreferrer noopener\">Brasil 61<\/a><\/p>\n","protected":false},"excerpt":{"rendered":"<p>Retirada do artigo abre margem para interpreta\u00e7\u00f5es, dizem especialistas Diante da crise causada pela pandemia<\/p>\n","protected":false},"author":2,"featured_media":4085,"comment_status":"open","ping_status":"open","sticky":false,"template":"","format":"standard","meta":{"footnotes":""},"categories":[18],"tags":[],"class_list":["post-4084","post","type-post","status-publish","format-standard","has-post-thumbnail","hentry","category-economia"],"_links":{"self":[{"href":"https:\/\/tvc16.com\/portal\/wp-json\/wp\/v2\/posts\/4084","targetHints":{"allow":["GET"]}}],"collection":[{"href":"https:\/\/tvc16.com\/portal\/wp-json\/wp\/v2\/posts"}],"about":[{"href":"https:\/\/tvc16.com\/portal\/wp-json\/wp\/v2\/types\/post"}],"author":[{"embeddable":true,"href":"https:\/\/tvc16.com\/portal\/wp-json\/wp\/v2\/users\/2"}],"replies":[{"embeddable":true,"href":"https:\/\/tvc16.com\/portal\/wp-json\/wp\/v2\/comments?post=4084"}],"version-history":[{"count":1,"href":"https:\/\/tvc16.com\/portal\/wp-json\/wp\/v2\/posts\/4084\/revisions"}],"predecessor-version":[{"id":4086,"href":"https:\/\/tvc16.com\/portal\/wp-json\/wp\/v2\/posts\/4084\/revisions\/4086"}],"wp:featuredmedia":[{"embeddable":true,"href":"https:\/\/tvc16.com\/portal\/wp-json\/wp\/v2\/media\/4085"}],"wp:attachment":[{"href":"https:\/\/tvc16.com\/portal\/wp-json\/wp\/v2\/media?parent=4084"}],"wp:term":[{"taxonomy":"category","embeddable":true,"href":"https:\/\/tvc16.com\/portal\/wp-json\/wp\/v2\/categories?post=4084"},{"taxonomy":"post_tag","embeddable":true,"href":"https:\/\/tvc16.com\/portal\/wp-json\/wp\/v2\/tags?post=4084"}],"curies":[{"name":"wp","href":"https:\/\/api.w.org\/{rel}","templated":true}]}}