{"id":4094,"date":"2020-10-27T19:42:13","date_gmt":"2020-10-27T19:42:13","guid":{"rendered":"https:\/\/tvc16.com\/portal\/?p=4094"},"modified":"2020-10-27T19:42:13","modified_gmt":"2020-10-27T19:42:13","slug":"apos-divulgacao-de-melhora-no-quadro-clinico-padre-francisco-montemezzo-recebe-alta","status":"publish","type":"post","link":"https:\/\/tvc16.com\/portal\/2020\/10\/27\/apos-divulgacao-de-melhora-no-quadro-clinico-padre-francisco-montemezzo-recebe-alta\/","title":{"rendered":"Ap\u00f3s divulga\u00e7\u00e3o de melhora no quadro cl\u00ednico Padre Francisco Montemezzo recebe alta"},"content":{"rendered":"\n<p>O Padre Francisco Montemezzo, de 83 anos, teve alta m\u00e9dica nesta ter\u00e7a-feira (27) no Hospital Unimed Petr\u00f3polis. Ele foi levado para o Lar S\u00e3o Jo\u00e3o de Deus, em Itaipava, onde ficar\u00e1 de repouso. Pe. Francisco passou mal no \u00faltimo dia 9, ap\u00f3s sofrer um AVC.<\/p>\n\n\n\n<p>De acordo com a Diocese de Petr\u00f3polis o padre est\u00e1 consciente e passa bem. Ele teve melhoras significativas nos \u00faltimos tr\u00eas dias. Devido a pandemia, os protocolos de seguran\u00e7a do Lar S\u00e3o Jo\u00e3o de Deus n\u00e3o permitem que Pe. Francisco receba visitas.<\/p>\n","protected":false},"excerpt":{"rendered":"<p>O Padre Francisco Montemezzo, de 83 anos, teve alta m\u00e9dica nesta ter\u00e7a-feira (27) no Hospital<\/p>\n","protected":false},"author":2,"featured_media":4095,"comment_status":"open","ping_status":"open","sticky":false,"template":"","format":"standard","meta":{"footnotes":""},"categories":[12],"tags":[],"class_list":["post-4094","post","type-post","status-publish","format-standard","has-post-thumbnail","hentry","category-cidade"],"_links":{"self":[{"href":"https:\/\/tvc16.com\/portal\/wp-json\/wp\/v2\/posts\/4094","targetHints":{"allow":["GET"]}}],"collection":[{"href":"https:\/\/tvc16.com\/portal\/wp-json\/wp\/v2\/posts"}],"about":[{"href":"https:\/\/tvc16.com\/portal\/wp-json\/wp\/v2\/types\/post"}],"author":[{"embeddable":true,"href":"https:\/\/tvc16.com\/portal\/wp-json\/wp\/v2\/users\/2"}],"replies":[{"embeddable":true,"href":"https:\/\/tvc16.com\/portal\/wp-json\/wp\/v2\/comments?post=4094"}],"version-history":[{"count":1,"href":"https:\/\/tvc16.com\/portal\/wp-json\/wp\/v2\/posts\/4094\/revisions"}],"predecessor-version":[{"id":4096,"href":"https:\/\/tvc16.com\/portal\/wp-json\/wp\/v2\/posts\/4094\/revisions\/4096"}],"wp:featuredmedia":[{"embeddable":true,"href":"https:\/\/tvc16.com\/portal\/wp-json\/wp\/v2\/media\/4095"}],"wp:attachment":[{"href":"https:\/\/tvc16.com\/portal\/wp-json\/wp\/v2\/media?parent=4094"}],"wp:term":[{"taxonomy":"category","embeddable":true,"href":"https:\/\/tvc16.com\/portal\/wp-json\/wp\/v2\/categories?post=4094"},{"taxonomy":"post_tag","embeddable":true,"href":"https:\/\/tvc16.com\/portal\/wp-json\/wp\/v2\/tags?post=4094"}],"curies":[{"name":"wp","href":"https:\/\/api.w.org\/{rel}","templated":true}]}}