{"id":4097,"date":"2020-10-27T19:43:13","date_gmt":"2020-10-27T19:43:13","guid":{"rendered":"https:\/\/tvc16.com\/portal\/?p=4097"},"modified":"2020-10-27T19:54:53","modified_gmt":"2020-10-27T19:54:53","slug":"pm-prende-homem-acusado-de-homicidio","status":"publish","type":"post","link":"https:\/\/tvc16.com\/portal\/2020\/10\/27\/pm-prende-homem-acusado-de-homicidio\/","title":{"rendered":"PM prende homem acusado de homic\u00eddio"},"content":{"rendered":"\n<p>A Pol\u00edcia Militar prendeu na segunda-feira (26) um homem que tinha dois mandados de pris\u00e3o em aberto contra ele, um deles por homic\u00eddio e o outro por tr\u00e1fico de drogas e posse de arma de fogo. O acusado estava em uma casa na Rua Capit\u00e3o Jo\u00e3o Amanso de Sousa Coutinho, no Castelo S\u00e3o Manoel, e tentou fugir quando percebeu a presen\u00e7a dos agentes.<\/p>\n\n\n\n<p>O criminoso chegou a pular uma das janelas da casa, mas foi contido pelos policiais. Dentro do im\u00f3vel os PMs encontraram dois tabletes de maconha. Diante disso, ele foi levado para a 106\u00aa Delegacia de Pol\u00edcia, em Itaipava, onde foi autuado por posse e uso de entorpecentes e permaneceu \u00e0 disposi\u00e7\u00e3o da justi\u00e7a.<\/p>\n","protected":false},"excerpt":{"rendered":"<p>A Pol\u00edcia Militar prendeu na segunda-feira (26) um homem que tinha dois mandados de pris\u00e3o<\/p>\n","protected":false},"author":2,"featured_media":4098,"comment_status":"open","ping_status":"open","sticky":false,"template":"","format":"standard","meta":{"footnotes":""},"categories":[12],"tags":[],"class_list":["post-4097","post","type-post","status-publish","format-standard","has-post-thumbnail","hentry","category-cidade"],"_links":{"self":[{"href":"https:\/\/tvc16.com\/portal\/wp-json\/wp\/v2\/posts\/4097","targetHints":{"allow":["GET"]}}],"collection":[{"href":"https:\/\/tvc16.com\/portal\/wp-json\/wp\/v2\/posts"}],"about":[{"href":"https:\/\/tvc16.com\/portal\/wp-json\/wp\/v2\/types\/post"}],"author":[{"embeddable":true,"href":"https:\/\/tvc16.com\/portal\/wp-json\/wp\/v2\/users\/2"}],"replies":[{"embeddable":true,"href":"https:\/\/tvc16.com\/portal\/wp-json\/wp\/v2\/comments?post=4097"}],"version-history":[{"count":1,"href":"https:\/\/tvc16.com\/portal\/wp-json\/wp\/v2\/posts\/4097\/revisions"}],"predecessor-version":[{"id":4099,"href":"https:\/\/tvc16.com\/portal\/wp-json\/wp\/v2\/posts\/4097\/revisions\/4099"}],"wp:featuredmedia":[{"embeddable":true,"href":"https:\/\/tvc16.com\/portal\/wp-json\/wp\/v2\/media\/4098"}],"wp:attachment":[{"href":"https:\/\/tvc16.com\/portal\/wp-json\/wp\/v2\/media?parent=4097"}],"wp:term":[{"taxonomy":"category","embeddable":true,"href":"https:\/\/tvc16.com\/portal\/wp-json\/wp\/v2\/categories?post=4097"},{"taxonomy":"post_tag","embeddable":true,"href":"https:\/\/tvc16.com\/portal\/wp-json\/wp\/v2\/tags?post=4097"}],"curies":[{"name":"wp","href":"https:\/\/api.w.org\/{rel}","templated":true}]}}