{"id":410,"date":"2020-09-14T10:15:26","date_gmt":"2020-09-14T10:15:26","guid":{"rendered":"https:\/\/tvc16.com\/portal\/?p=410"},"modified":"2020-09-14T10:37:09","modified_gmt":"2020-09-14T10:37:09","slug":"morreu-neste-domingo-13-titto-santos-em-decorrencia-de-complicacoes-por-sepse-cutanea-e-infeccao-de-ulcera-venosa","status":"publish","type":"post","link":"https:\/\/tvc16.com\/portal\/2020\/09\/14\/morreu-neste-domingo-13-titto-santos-em-decorrencia-de-complicacoes-por-sepse-cutanea-e-infeccao-de-ulcera-venosa\/","title":{"rendered":"Morreu neste domingo, 13,  Titto Santos, em decorr\u00eancia de complica\u00e7\u00f5es por sepse cut\u00e2nea e infec\u00e7\u00e3o de \u00falcera venosa"},"content":{"rendered":"\n<p><br>O c\u00e9u est\u00e1 repleto de estrelas, e neste domingo mais uma brilha e diz &#8220;saram\u00e9m&#8221;<\/p>\n\n\n\n<p>Titto Santos, P\u00e9ricles de Ara\u00fajo Costa, era de Manaus (AM) mas foi criado no Rio de Janeiro. Nascido em\u00a0 03 de setembro, nunca quis revelar a verdadeira idade, ent\u00e3o vamos respeitar. Adotou Petr\u00f3polis em 1970. Foi casado com a bailarina, Fatima Maria Nunes Prata, conhecida por F\u00e1tima Cruz, (diretora da academia Rotima de Ballet), at\u00e9 a sua morte em 16 de novembro de 2018. Na Cidade Imperial fincou ra\u00edzes. Era cantor-compositor e jornalista. Entre seus muitos t\u00edtulos e trof\u00e9us, nacionais e internacionais, ele destaca o de &#8220;Cidad\u00e3o Petropolitano&#8221; e o de &#8220;Cidad\u00e3o do Estado do Rio de Janeiro&#8221;.Em anos de trabalho conquistou f\u00e3s e amigos por onde passou, alegre e brincalh\u00e3o, sempre tinha uma piada. Quem conviveu com ele j\u00e1 sabia que todas as religi\u00f5es tinham voz e vez. Era devoto de nossa senhora Aparecida e grato a espiritualidade. Amigo dos amigos, batizou seu programa de &#8220;Titto Santos entre amigos&#8221;, o mais antigo da tv local, na Regi\u00e3o Serrana do Rio. Esquecido pela atual gera\u00e7\u00e3o, Titto Santos teve uma carreira brilhante. Nos \u00faltimos meses estava tratando uma ferida na perna que teimava em n\u00e3o cicatrizar. Estava em idade avan\u00e7ada&#8230;<\/p>\n\n\n\n<p><br>A carreira<\/p>\n\n\n\n<p><br>Titto Santos come\u00e7ou, no r\u00e1dio em mar\u00e7o de 1955 (R\u00e1dio Nacional), passando depois por diversas emissoras, sempre criando e apresentando programas de cultura musical, destacando-se o &#8220;Clube da Bossa Nova&#8221;, na R\u00e1dio Rio de Janeiro, por se constituir no primeiro programa de bossa nova apresentado no r\u00e1dio brasileiro. Em 1965 apresentou, na TV Rio, o programa &#8220;O Pr\u00edncipe da Noite&#8221;, e durante os anos de 1969 e 1970, o &#8220;Titto Santos Incrementad\u00edssimo&#8221;. Participou como jurado nos programas de Cesar de Alencar, na TV Excelsior, Chacrinha, na TV Globo, Fl\u00e1vio Cavalcanti, na TV Tupi e Silvio Santos, no SBT, al\u00e9m de outras incurs\u00f5es pelo pa\u00eds, principalmente em emissoras do Rio, S\u00e3o Paulo, Minas Gerais, Amazonas e Par\u00e1. No cinema participou, entre outros filmes, em &#8220;Com um Marciano na Cama&#8221;, &#8220;O Libertino&#8221; e &#8220;F\u00e9rias Amorosas&#8221;.\u00a0 Em 2002 estreou na TV Cidade Imperial, ent\u00e3o filiada da TV E Brasil, o programa &#8220;Titto Santos Entre Amigos&#8221;, que lhe rendeu o\u00a0 Pr\u00eamio\u00a0 Jornalista Roberto Marinho de Comunica\u00e7\u00e3o, entregue pelo Lions Club Internacional, como &#8220;O Programa de Maior audi\u00eancia da Regi\u00e3o Serrana.\u201d Em 2006, o Programa &#8220;Titto Santos Entre Amigos&#8221; passou para o Canal 14 (Serra-TV), no ar at\u00e9 novembro de 2007, retornando \u00e0\u00a0 j\u00e1 TV Cidade de Petr\u00f3polis, onde ficou at\u00e9 este domingo, 13\/09. Titto que desde jovem revelou-se talentoso, foi\u00a0 agraciado com o T\u00edtulo de \u201cPr\u00edncipe da Noite\u201d. Sua discografia \u00e9\u00a0 numerosa, comp\u00f4s algumas dezenas de m\u00fasicas e gravou outras tantas.\u00a0 A primeira composi\u00e7\u00e3o de Titto Santos chama-se &#8220;Baby, Meu Bem&#8221;, em parceria com H\u00e9lio Justo, gravada por Roberto Carlos no in\u00edcio de sua carreira. Posteriormente foi composta uma s\u00e9rie de m\u00fasicas, algumas gravadas por Marisa Barroso, Rosemary e pelas Meninas Cantoras de Petr\u00f3polis. E seguiu seu destino recebendo pr\u00eamios e homenagens farta atua\u00e7\u00e3o como ator, cantor, jornalista, homem de show, no Brasil e no exterior, em especial em Miami, Costa Rica, Panam\u00e1, Cuba entre muitos outros pa\u00edses. Titto\u00a0 dirigiu e produziu os espet\u00e1culos do Modern Rotima Ballet de sua F\u00e1tima Cruz, (in memorian). Titto possuia um arsenal de pendores art\u00edsticos, inclusive a literatura, compondo belos poemas e produzindo\u00a0 memor\u00e1veis cr\u00f4nicas. J\u00e1 deixou saudades&#8230;<\/p>\n\n\n\n<figure class=\"wp-block-image size-large\"><img loading=\"lazy\" decoding=\"async\" width=\"600\" height=\"600\" src=\"https:\/\/tvc16.com\/portal\/wp-content\/uploads\/2020\/09\/titto-01.jpg\" alt=\"\" class=\"wp-image-414\" srcset=\"https:\/\/tvc16.com\/portal\/wp-content\/uploads\/2020\/09\/titto-01.jpg 600w, https:\/\/tvc16.com\/portal\/wp-content\/uploads\/2020\/09\/titto-01-300x300.jpg 300w, https:\/\/tvc16.com\/portal\/wp-content\/uploads\/2020\/09\/titto-01-150x150.jpg 150w\" sizes=\"auto, (max-width: 600px) 100vw, 600px\" \/><\/figure>\n\n\n\n<p>Bibliografia: Fernando Costa (colunista)<\/p>\n","protected":false},"excerpt":{"rendered":"<p>O c\u00e9u est\u00e1 repleto de estrelas, e neste domingo mais uma brilha e diz &#8220;saram\u00e9m&#8221;<\/p>\n","protected":false},"author":2,"featured_media":411,"comment_status":"open","ping_status":"open","sticky":false,"template":"","format":"standard","meta":{"footnotes":""},"categories":[12],"tags":[],"class_list":["post-410","post","type-post","status-publish","format-standard","has-post-thumbnail","hentry","category-cidade"],"_links":{"self":[{"href":"https:\/\/tvc16.com\/portal\/wp-json\/wp\/v2\/posts\/410","targetHints":{"allow":["GET"]}}],"collection":[{"href":"https:\/\/tvc16.com\/portal\/wp-json\/wp\/v2\/posts"}],"about":[{"href":"https:\/\/tvc16.com\/portal\/wp-json\/wp\/v2\/types\/post"}],"author":[{"embeddable":true,"href":"https:\/\/tvc16.com\/portal\/wp-json\/wp\/v2\/users\/2"}],"replies":[{"embeddable":true,"href":"https:\/\/tvc16.com\/portal\/wp-json\/wp\/v2\/comments?post=410"}],"version-history":[{"count":3,"href":"https:\/\/tvc16.com\/portal\/wp-json\/wp\/v2\/posts\/410\/revisions"}],"predecessor-version":[{"id":415,"href":"https:\/\/tvc16.com\/portal\/wp-json\/wp\/v2\/posts\/410\/revisions\/415"}],"wp:featuredmedia":[{"embeddable":true,"href":"https:\/\/tvc16.com\/portal\/wp-json\/wp\/v2\/media\/411"}],"wp:attachment":[{"href":"https:\/\/tvc16.com\/portal\/wp-json\/wp\/v2\/media?parent=410"}],"wp:term":[{"taxonomy":"category","embeddable":true,"href":"https:\/\/tvc16.com\/portal\/wp-json\/wp\/v2\/categories?post=410"},{"taxonomy":"post_tag","embeddable":true,"href":"https:\/\/tvc16.com\/portal\/wp-json\/wp\/v2\/tags?post=410"}],"curies":[{"name":"wp","href":"https:\/\/api.w.org\/{rel}","templated":true}]}}