{"id":4100,"date":"2020-10-27T19:53:53","date_gmt":"2020-10-27T19:53:53","guid":{"rendered":"https:\/\/tvc16.com\/portal\/?p=4100"},"modified":"2020-10-27T19:53:53","modified_gmt":"2020-10-27T19:53:53","slug":"denuncias-do-linha-verde-levam-policia-ambiental-a-realizar-fiscalizacoes-em-terrenos-de-petropolis","status":"publish","type":"post","link":"https:\/\/tvc16.com\/portal\/2020\/10\/27\/denuncias-do-linha-verde-levam-policia-ambiental-a-realizar-fiscalizacoes-em-terrenos-de-petropolis\/","title":{"rendered":"Den\u00fancias do Linha Verde levam pol\u00edcia ambiental a realizar fiscaliza\u00e7\u00f5es em terrenos de Petr\u00f3polis"},"content":{"rendered":"\n<p>Uma den\u00fancia feita ao Linha Verde sobre desmatamento e queimadas, em Nogueira, levou policiais militares da UPAm Tr\u00eas Picos a identificarem nesta ter\u00e7a-feira (27) uma \u00e1rea degradada com cerca de 2 mil m\u00b2. De acordo com os agentes da 5\u00aa UPAm, quando a equipe chegou \u00e0 Rua Promenade, foi poss\u00edvel constatar os crimes de terraplanagem, queimada e desmatamento dentro de uma \u00e1rea de preserva\u00e7\u00e3o permanente. <\/p>\n\n\n\n<figure class=\"wp-block-image size-large\"><img loading=\"lazy\" decoding=\"async\" width=\"1024\" height=\"768\" src=\"https:\/\/tvc16.com\/portal\/wp-content\/uploads\/2020\/10\/WhatsApp-Image-2020-10-27-at-16.44.53-1024x768.jpeg\" alt=\"\" class=\"wp-image-4101\" srcset=\"https:\/\/tvc16.com\/portal\/wp-content\/uploads\/2020\/10\/WhatsApp-Image-2020-10-27-at-16.44.53-1024x768.jpeg 1024w, https:\/\/tvc16.com\/portal\/wp-content\/uploads\/2020\/10\/WhatsApp-Image-2020-10-27-at-16.44.53-300x225.jpeg 300w, https:\/\/tvc16.com\/portal\/wp-content\/uploads\/2020\/10\/WhatsApp-Image-2020-10-27-at-16.44.53-768x576.jpeg 768w, https:\/\/tvc16.com\/portal\/wp-content\/uploads\/2020\/10\/WhatsApp-Image-2020-10-27-at-16.44.53-200x150.jpeg 200w, https:\/\/tvc16.com\/portal\/wp-content\/uploads\/2020\/10\/WhatsApp-Image-2020-10-27-at-16.44.53.jpeg 1040w\" sizes=\"auto, (max-width: 1024px) 100vw, 1024px\" \/><\/figure>\n\n\n\n<p>Em contato com um funcion\u00e1rio, os policiais foram informados que o terreno pertencia ao chefe dele e que desconhecia sobre a exist\u00eancia das licen\u00e7as pertinentes a aquelas atividades. Diante dos fatos, a equipe da UPAm procedeu \u00e0 105\u00aa DP, onde a ocorr\u00eancia foi registrada.<\/p>\n\n\n\n<p><br>Tamb\u00e9m nesta ter\u00e7a-feira, novamente a fim de localizar os respons\u00e1veis pelos crimes ambientais que vem sendo denunciados diariamente ao Linha Verde, sobre desmatamento e uma constru\u00e7\u00e3o irregular em Itaipava, policiais da Unidade de Policiamento Ambiental Tr\u00eas Picos retornaram, pela terceira vez em uma semana, \u00e0 Estrada Uni\u00e3o e Ind\u00fastria, onde h\u00e1 uma \u00e1rea degradada com cerca de 5 mil m\u00b2.<\/p>\n\n\n\n<figure class=\"wp-block-image size-large\"><img loading=\"lazy\" decoding=\"async\" width=\"1024\" height=\"768\" src=\"https:\/\/tvc16.com\/portal\/wp-content\/uploads\/2020\/10\/WhatsApp-Image-2020-10-27-at-16.44.54-2-1024x768.jpeg\" alt=\"\" class=\"wp-image-4102\" srcset=\"https:\/\/tvc16.com\/portal\/wp-content\/uploads\/2020\/10\/WhatsApp-Image-2020-10-27-at-16.44.54-2-1024x768.jpeg 1024w, https:\/\/tvc16.com\/portal\/wp-content\/uploads\/2020\/10\/WhatsApp-Image-2020-10-27-at-16.44.54-2-300x225.jpeg 300w, https:\/\/tvc16.com\/portal\/wp-content\/uploads\/2020\/10\/WhatsApp-Image-2020-10-27-at-16.44.54-2-768x576.jpeg 768w, https:\/\/tvc16.com\/portal\/wp-content\/uploads\/2020\/10\/WhatsApp-Image-2020-10-27-at-16.44.54-2-200x150.jpeg 200w, https:\/\/tvc16.com\/portal\/wp-content\/uploads\/2020\/10\/WhatsApp-Image-2020-10-27-at-16.44.54-2.jpeg 1040w\" sizes=\"auto, (max-width: 1024px) 100vw, 1024px\" \/><\/figure>\n\n\n\n<p><br>No local os agentes constataram a exist\u00eancia de uma obra com sapatas abertas de livre acesso, em um terreno com sinais de terraplanagem e diversas \u00e1rvores cortadas as margens do Rio Piabanha, sendo assim uma \u00e1rea de preserva\u00e7\u00e3o permanente. Como das duas vezes anteriores, durante a fiscaliza\u00e7\u00e3o no local, nenhum respons\u00e1vel pelos crimes tipificados nos artigos 38 e 60 da lei de crimes ambientais foi identificado.<\/p>\n\n\n\n<p><br>Os crimes ambientais podem ser denunciados ao Linha Verde, atrav\u00e9s do telefone 0300 253 1177 (custo de liga\u00e7\u00e3o local) ou pelo aplicativo \u201cDisque Den\u00fancia RJ\u201d. O anonimato \u00e9 garantido ao denunciante.<br>LINHA VERDE, o Disque Den\u00fancia do Meio Ambiente<\/p>\n","protected":false},"excerpt":{"rendered":"<p>Uma den\u00fancia feita ao Linha Verde sobre desmatamento e queimadas, em Nogueira, levou policiais militares<\/p>\n","protected":false},"author":2,"featured_media":4103,"comment_status":"open","ping_status":"open","sticky":false,"template":"","format":"standard","meta":{"footnotes":""},"categories":[12],"tags":[],"class_list":["post-4100","post","type-post","status-publish","format-standard","has-post-thumbnail","hentry","category-cidade"],"_links":{"self":[{"href":"https:\/\/tvc16.com\/portal\/wp-json\/wp\/v2\/posts\/4100","targetHints":{"allow":["GET"]}}],"collection":[{"href":"https:\/\/tvc16.com\/portal\/wp-json\/wp\/v2\/posts"}],"about":[{"href":"https:\/\/tvc16.com\/portal\/wp-json\/wp\/v2\/types\/post"}],"author":[{"embeddable":true,"href":"https:\/\/tvc16.com\/portal\/wp-json\/wp\/v2\/users\/2"}],"replies":[{"embeddable":true,"href":"https:\/\/tvc16.com\/portal\/wp-json\/wp\/v2\/comments?post=4100"}],"version-history":[{"count":1,"href":"https:\/\/tvc16.com\/portal\/wp-json\/wp\/v2\/posts\/4100\/revisions"}],"predecessor-version":[{"id":4104,"href":"https:\/\/tvc16.com\/portal\/wp-json\/wp\/v2\/posts\/4100\/revisions\/4104"}],"wp:featuredmedia":[{"embeddable":true,"href":"https:\/\/tvc16.com\/portal\/wp-json\/wp\/v2\/media\/4103"}],"wp:attachment":[{"href":"https:\/\/tvc16.com\/portal\/wp-json\/wp\/v2\/media?parent=4100"}],"wp:term":[{"taxonomy":"category","embeddable":true,"href":"https:\/\/tvc16.com\/portal\/wp-json\/wp\/v2\/categories?post=4100"},{"taxonomy":"post_tag","embeddable":true,"href":"https:\/\/tvc16.com\/portal\/wp-json\/wp\/v2\/tags?post=4100"}],"curies":[{"name":"wp","href":"https:\/\/api.w.org\/{rel}","templated":true}]}}