{"id":4105,"date":"2020-10-27T20:43:29","date_gmt":"2020-10-27T20:43:29","guid":{"rendered":"https:\/\/tvc16.com\/portal\/?p=4105"},"modified":"2020-10-27T20:45:15","modified_gmt":"2020-10-27T20:45:15","slug":"4105","status":"publish","type":"post","link":"https:\/\/tvc16.com\/portal\/2020\/10\/27\/4105\/","title":{"rendered":"Quatorze novas resid\u00eancias est\u00e3o em \u00e1rea considerada de risco ap\u00f3s desplacamento no Vale dos Esquilos"},"content":{"rendered":"\n<p>T\u00e9cnicos das secretarias de Defesa Civil e Assist\u00eancia Social estiveram na manh\u00e3 desta ter\u00e7a-feira (27) na regi\u00e3o do Vale dos Esquilos, no Retiro, visitando as resid\u00eancias que est\u00e3o dentro da \u00e1rea de interdi\u00e7\u00e3o por risco de novo desplacamento de rocha. S\u00e3o resid\u00eancias que est\u00e3o mais afastadas do local do desplacamento de rocha ocorrido no \u00faltimo dia 21, mas que mesmo assim tamb\u00e9m est\u00e3o dentro da faixa de risco.<\/p>\n\n\n\n<p>Um t\u00e9cnico da Defesa Civil e duas assistentes sociais conversaram com as fam\u00edlias informado da interdi\u00e7\u00e3o. As equipes identificaram 14 novas resid\u00eancias presentes nesta \u00e1rea delimitada como de risco.<\/p>\n\n\n\n<p>A Secretaria de Assist\u00eancia Social realizou um cadastro das fam\u00edlias, que foram orientadas a deixar o local e buscar os programas de amparo a desabrigados, como o aluguel social. Vale lembrar que s\u00f3 tem direito ao aluguel social as fam\u00edlias com renda bruta de at\u00e9 tr\u00eas sal\u00e1rios m\u00ednimos ou at\u00e9 meio sal\u00e1rio m\u00ednimo por integrante. Aquelas fam\u00edlias que possu\u00edrem mais de um im\u00f3vel ou n\u00e3o forem propriet\u00e1rios da edifica\u00e7\u00e3o interditada perdem direito ao aux\u00edlio.<\/p>\n\n\n\n<p>Ap\u00f3s o cadastro inicial, realizado na visita da SAS, aqueles que se enquadrarem no perfil devem procurar o \u00f3rg\u00e3o para dar prosseguimento no requerimento. Ser\u00e1 feita uma an\u00e1lise para avaliar se a fam\u00edlia preenche os requisitos para receber o Aluguel Social.<\/p>\n\n\n\n<p>As interdi\u00e7\u00f5es foram feitas com base no laudo geol\u00f3gico e topogr\u00e1fico conclu\u00eddo pela Defesa Civil na \u00faltima segunda-feira (26.10). O deslizamento de pedra ocorreu na quarta-feira (21\/10) e atingiu uma resid\u00eancia.A \u00e1rea interditada \u00e9 de 45 mil m\u00b2 e vale por tempo indeterminado. A Defesa Civil informou a necessidade de interven\u00e7\u00e3o no maci\u00e7o rochoso \u00e0 Secretaria de Obras, que dever\u00e1 realizar um estudo sobre o tipo de conten\u00e7\u00e3o que precisar\u00e1 ser feito o local.<\/p>\n\n\n\n<p>Foto: Alan Pacheco<\/p>\n","protected":false},"excerpt":{"rendered":"<p>T\u00e9cnicos das secretarias de Defesa Civil e Assist\u00eancia Social estiveram na manh\u00e3 desta ter\u00e7a-feira (27)<\/p>\n","protected":false},"author":2,"featured_media":4106,"comment_status":"open","ping_status":"open","sticky":false,"template":"","format":"standard","meta":{"footnotes":""},"categories":[12],"tags":[],"class_list":["post-4105","post","type-post","status-publish","format-standard","has-post-thumbnail","hentry","category-cidade"],"_links":{"self":[{"href":"https:\/\/tvc16.com\/portal\/wp-json\/wp\/v2\/posts\/4105","targetHints":{"allow":["GET"]}}],"collection":[{"href":"https:\/\/tvc16.com\/portal\/wp-json\/wp\/v2\/posts"}],"about":[{"href":"https:\/\/tvc16.com\/portal\/wp-json\/wp\/v2\/types\/post"}],"author":[{"embeddable":true,"href":"https:\/\/tvc16.com\/portal\/wp-json\/wp\/v2\/users\/2"}],"replies":[{"embeddable":true,"href":"https:\/\/tvc16.com\/portal\/wp-json\/wp\/v2\/comments?post=4105"}],"version-history":[{"count":2,"href":"https:\/\/tvc16.com\/portal\/wp-json\/wp\/v2\/posts\/4105\/revisions"}],"predecessor-version":[{"id":4108,"href":"https:\/\/tvc16.com\/portal\/wp-json\/wp\/v2\/posts\/4105\/revisions\/4108"}],"wp:featuredmedia":[{"embeddable":true,"href":"https:\/\/tvc16.com\/portal\/wp-json\/wp\/v2\/media\/4106"}],"wp:attachment":[{"href":"https:\/\/tvc16.com\/portal\/wp-json\/wp\/v2\/media?parent=4105"}],"wp:term":[{"taxonomy":"category","embeddable":true,"href":"https:\/\/tvc16.com\/portal\/wp-json\/wp\/v2\/categories?post=4105"},{"taxonomy":"post_tag","embeddable":true,"href":"https:\/\/tvc16.com\/portal\/wp-json\/wp\/v2\/tags?post=4105"}],"curies":[{"name":"wp","href":"https:\/\/api.w.org\/{rel}","templated":true}]}}