{"id":4109,"date":"2020-10-27T21:50:35","date_gmt":"2020-10-27T21:50:35","guid":{"rendered":"https:\/\/tvc16.com\/portal\/?p=4109"},"modified":"2020-10-27T21:50:35","modified_gmt":"2020-10-27T21:50:35","slug":"governador-em-exercicio-nomeia-novo-secretario-de-administracao-penitenciaria","status":"publish","type":"post","link":"https:\/\/tvc16.com\/portal\/2020\/10\/27\/governador-em-exercicio-nomeia-novo-secretario-de-administracao-penitenciaria\/","title":{"rendered":"Governador em exerc\u00edcio nomeia novo secret\u00e1rio de Administra\u00e7\u00e3o Penitenci\u00e1ria"},"content":{"rendered":"\n<p><em>Coronel Marco Aur\u00e9lio Santos assume a pasta a partir desta segunda-feira (26\/10)<\/em><\/p>\n\n\n\n<p>O governador em exerc\u00edcio Cl\u00e1udio Castro nomeou o coronel Marco Aur\u00e9lio Santos para o cargo de secret\u00e1rio de Administra\u00e7\u00e3o Penitenci\u00e1ria. Marco Aur\u00e9lio assume a pasta no lugar do coronel Alexandre Azevedo de Jesus. A nomea\u00e7\u00e3o foi publicada no Di\u00e1rio Oficial desta segunda-feira (26\/10).<\/p>\n\n\n\n<p>&#8211; Confio ao coronel Marco Aur\u00e9lio Santos a miss\u00e3o de aperfei\u00e7oar as pol\u00edticas p\u00fablicas voltadas para o sistema prisional fluminense. Agrade\u00e7o o trabalho realizado pelo coronel Alexandre Azevedo de Jesus \u00e0 frente da secretaria &#8211; disse o governador em exerc\u00edcio.<\/p>\n\n\n\n<p><strong>Perfil do secret\u00e1rio<\/strong><\/p>\n\n\n\n<p>Formado no Curso de Oficial da Pol\u00edcia Militar do Estado do Rio de Janeiro, o coronel Marco Aur\u00e9lio Santos&nbsp; foi subsecret\u00e1rio de Comando e Controle da PM e coordenador de Opera\u00e7\u00f5es de Intelig\u00eancia Policial da antiga Secretaria de Seguran\u00e7a. O novo secret\u00e1rio tamb\u00e9m foi comandante do 15\u00ba e do 30\u00ba Batalh\u00e3o de Pol\u00edcia Militar e do 7\u00ba Comando de Policiamento de \u00c1rea (CPA).<\/p>\n","protected":false},"excerpt":{"rendered":"<p>Coronel Marco Aur\u00e9lio Santos assume a pasta a partir desta segunda-feira (26\/10) O governador em<\/p>\n","protected":false},"author":2,"featured_media":4110,"comment_status":"open","ping_status":"open","sticky":false,"template":"","format":"standard","meta":{"footnotes":""},"categories":[17],"tags":[],"class_list":["post-4109","post","type-post","status-publish","format-standard","has-post-thumbnail","hentry","category-outras-noticias"],"_links":{"self":[{"href":"https:\/\/tvc16.com\/portal\/wp-json\/wp\/v2\/posts\/4109","targetHints":{"allow":["GET"]}}],"collection":[{"href":"https:\/\/tvc16.com\/portal\/wp-json\/wp\/v2\/posts"}],"about":[{"href":"https:\/\/tvc16.com\/portal\/wp-json\/wp\/v2\/types\/post"}],"author":[{"embeddable":true,"href":"https:\/\/tvc16.com\/portal\/wp-json\/wp\/v2\/users\/2"}],"replies":[{"embeddable":true,"href":"https:\/\/tvc16.com\/portal\/wp-json\/wp\/v2\/comments?post=4109"}],"version-history":[{"count":1,"href":"https:\/\/tvc16.com\/portal\/wp-json\/wp\/v2\/posts\/4109\/revisions"}],"predecessor-version":[{"id":4111,"href":"https:\/\/tvc16.com\/portal\/wp-json\/wp\/v2\/posts\/4109\/revisions\/4111"}],"wp:featuredmedia":[{"embeddable":true,"href":"https:\/\/tvc16.com\/portal\/wp-json\/wp\/v2\/media\/4110"}],"wp:attachment":[{"href":"https:\/\/tvc16.com\/portal\/wp-json\/wp\/v2\/media?parent=4109"}],"wp:term":[{"taxonomy":"category","embeddable":true,"href":"https:\/\/tvc16.com\/portal\/wp-json\/wp\/v2\/categories?post=4109"},{"taxonomy":"post_tag","embeddable":true,"href":"https:\/\/tvc16.com\/portal\/wp-json\/wp\/v2\/tags?post=4109"}],"curies":[{"name":"wp","href":"https:\/\/api.w.org\/{rel}","templated":true}]}}