{"id":4114,"date":"2020-10-27T22:08:03","date_gmt":"2020-10-27T22:08:03","guid":{"rendered":"https:\/\/tvc16.com\/portal\/?p=4114"},"modified":"2020-10-27T22:08:03","modified_gmt":"2020-10-27T22:08:03","slug":"arrecadacao-prevista-pelo-governo-federal-em-2020-deve-ter-queda-brutal-avalia-ifi","status":"publish","type":"post","link":"https:\/\/tvc16.com\/portal\/2020\/10\/27\/arrecadacao-prevista-pelo-governo-federal-em-2020-deve-ter-queda-brutal-avalia-ifi\/","title":{"rendered":"Arrecada\u00e7\u00e3o prevista pelo Governo Federal em 2020 deve ter queda \u2018brutal\u2019, avalia IFI"},"content":{"rendered":"\n<p>A previs\u00e3o da arrecada\u00e7\u00e3o prim\u00e1ria, que era de R$ 1,64 trilh\u00e3o, caiu para R$ 1,45 trilh\u00e3o. A diferen\u00e7a de cerca de R$ 198 bilh\u00f5es \u00e9 equivale seis vezes ao custo do programa Bolsa Fam\u00edlia<\/p>\n\n\n\n<p>Com a revis\u00e3o mais recente feita pelo Executivo, a previs\u00e3o da arrecada\u00e7\u00e3o do Governo Federal em 2020 ter\u00e1 uma redu\u00e7\u00e3o de 12%. Em an\u00e1lise publicada no Relat\u00f3rio de Acompanhamento Fiscal (<a href=\"https:\/\/www2.senado.leg.br\/bdsf\/bitstream\/handle\/id\/578343\/RAF45_OUT2020.pdf\">RAF<\/a>) do m\u00eas de outubro, a Institui\u00e7\u00e3o Fiscal Independente (IFI) avaliou a queda como \u201cbrutal\u201d.<\/p>\n\n\n\n<p>Em rela\u00e7\u00e3o \u00e0 previs\u00e3o inicial para o ano, e como consequ\u00eancia da crise econ\u00f4mica provocada pela pandemia da Covid-19, a previs\u00e3o da arrecada\u00e7\u00e3o prim\u00e1ria, estabelecida na <a href=\"http:\/\/www.planalto.gov.br\/ccivil_03\/_ato2019-2022\/2020\/lei\/l13978.htm\">Lei Or\u00e7ament\u00e1ria Anual<\/a>, que era de R$ 1,64 trilh\u00e3o caiu para R$ 1,45 trilh\u00e3o. A diferen\u00e7a \u00e9 de cerca de R$ 198 bilh\u00f5es, soma que equivale seis vezes o custo do programa Bolsa Fam\u00edlia no ano passado, de acordo com o Portal da Transpar\u00eancia.<\/p>\n\n\n\n<p>Segundo Daniel Couri, diretor da IFI, a causa da queda na arrecada\u00e7\u00e3o \u00e9 justamente a queda brutal na atividade econ\u00f4mica, que est\u00e1 em um terreno muito negativo, em uma fase dif\u00edcil de crise. Mesmo com a retomada ainda que gradual, ele destacou que a queda ser\u00e1 hist\u00f3rica nas receitas.<\/p>\n\n\n\n<p>\u201cA queda ocorre porque a atividade arrefeceu e tamb\u00e9m foram tomadas medidas para aliviar o fluxo de caixa das empresas. Muitos impostos deixaram de ser recolhidos porque o governo permitiu que as companhias postergassem o pagamento dos mesmos. Essa amplia\u00e7\u00e3o do prazo se d\u00e1 dentro de 2020. J\u00e1 era de se esperar que no segundo semestre a receita crescesse e as empresas e pessoas passassem a pagar as taxas que foram adiadas\u201d, declarou.&nbsp;<\/p>\n\n\n\n<p>A queda na previs\u00e3o da arrecada\u00e7\u00e3o atinge tanto as receitas administradas, de impostos e contribui\u00e7\u00f5es, quanto as n\u00e3o administradas, de concess\u00f5es e permiss\u00f5es para o setor privado, explora\u00e7\u00e3o de recursos naturais e outras.&nbsp;<\/p>\n\n\n\n<p>Entre os tributos, o mais afetado \u00e9 o Imposto sobre Opera\u00e7\u00f5es Financeiras (IOF), que deve trazer cerca de 33% menos recursos do que se esperava. No caso das receitas n\u00e3o administradas, o impacto se justifica pela exclus\u00e3o das receitas previstas com a privatiza\u00e7\u00e3o da Eletrobras, que acabou n\u00e3o ocorrendo.&nbsp;<\/p>\n\n\n\n<p>O relat\u00f3rio alertou tamb\u00e9m para o risco de que os gastos com a pandemia avancem sobre o exerc\u00edcio financeiro de 2021 e al\u00e9m. Segundo a institui\u00e7\u00e3o, at\u00e9 agora o financiamento extraordin\u00e1rio da \u00e1rea da sa\u00fade e de est\u00edmulos e prote\u00e7\u00f5es econ\u00f4micas est\u00e1 restrito a 2020, mas essa perspectiva pode mudar se o pa\u00eds enfrentar novos surtos da Covid-19 no futuro.&nbsp;<\/p>\n\n\n\n<p>O diretor do IFI pontuou o risco. \u201cAinda h\u00e1 um ponto de interroga\u00e7\u00e3o, porque essa arrecada\u00e7\u00e3o est\u00e1 abaixo do que a receita esperava e h\u00e1 muito o que acontecer nos pr\u00f3ximos \u00faltimos meses deste ano. Inclusive para a pr\u00f3pria atividade econ\u00f4mica, n\u00e3o se sabe como vai ser essa recupera\u00e7\u00e3o embora estejamos otimistas\u201d, disse Couri.&nbsp;<\/p>\n\n\n\n<p><a href=\"https:\/\/brasil61.com\/noticias\/impostos-municipais-somam-queda-de-r-3-7-bilhoes-no-segundo-trimestre-aponta-estudo-da-cnm-bras202255\"><strong>Impostos municipais somam queda de R$ 3,7 bilh\u00f5es no segundo trimestre, aponta estudo da CNM<\/strong><\/a><\/p>\n\n\n\n<p><a href=\"https:\/\/brasil61.com\/noticias\/estados-e-municipios-poderao-usar-repasses-federais-ate-o-fim-de-2021-bras202309\"><strong>Estados e munic\u00edpios poder\u00e3o usar repasses federais at\u00e9 o fim de 2021<\/strong><\/a><\/p>\n\n\n\n<p>Caso aconte\u00e7a, isso deve exigir mais investimentos p\u00fablicos e novas rodadas de restri\u00e7\u00f5es \u00e0 circula\u00e7\u00e3o de pessoas e \u00e0 atividade econ\u00f4mica. Tamb\u00e9m \u00e9 poss\u00edvel que a retirada dos est\u00edmulos atuais afete a recupera\u00e7\u00e3o da economia, num primeiro momento, o que teria efeitos sobre a arrecada\u00e7\u00e3o.<\/p>\n\n\n\n<p>O pesquisador da \u00e1rea de Economia Aplicada da FGV IBRE, Matheus Rosa, destacou que a frustra\u00e7\u00e3o de receita causada, sobretudo, pela pandemia \u00e9 mais um elemento de um quadro fiscal complicado do Governo Federal, observado j\u00e1 desde 2014, que deve refor\u00e7ar a necessidade de reformas estruturantes j\u00e1 debatidas.&nbsp;<\/p>\n\n\n\n<p>\u201cO grande efeito disso \u00e9 que junto com outras situa\u00e7\u00f5es que j\u00e1 pioravam o quadro das contas p\u00fablicas, a necessidade de medidas para aumento de receitas e redu\u00e7\u00e3o de despesas nos pr\u00f3ximos anos vai ser intensificada. \u00c9 algo que j\u00e1 t\u00ednhamos visto em debates p\u00fablicos sobre economia, em um interesse, por exemplo, de uma reforma administrativa\u201d, avaliou.&nbsp;<\/p>\n\n\n\n<p>O relat\u00f3rio chamou aten\u00e7\u00e3o ainda para os cr\u00e9ditos extraordin\u00e1rios usados no combate \u00e0 pandemia, que foram a principal ferramenta usada pelo Executivo, uma vez que n\u00e3o entram nas limita\u00e7\u00f5es impostas pelo teto de gastos. At\u00e9 agora, o governo j\u00e1 utilizou cerca de R$ 451 bilh\u00f5es dos pouco mais de R$ 600 bilh\u00f5es autorizados em cr\u00e9ditos, cerca de 75% do total.<\/p>\n\n\n\n<p>Como o ano j\u00e1 est\u00e1 perto de se encerrar, isso significa que parte das despesas abertas seja inscrita em restos a pagar para o ano que vem, impactando o resultado prim\u00e1rio de 2021.&nbsp;<\/p>\n\n\n\n<p>Segundo a assessora pol\u00edtica do Instituto de Estudos Socioecon\u00f4micos (Inesc), Livi Gerbase, o impacto para a popula\u00e7\u00e3o \u00e9 que o governo deve usar a perda de arrecada\u00e7\u00e3o como justificativa para que haja um corte de gastos no ano que vem, para o equil\u00edbrio das contas. \u201cA arrecada\u00e7\u00e3o vai levar um corte de gastos, que significar\u00e1 um corte em pol\u00edticas, tanto para recupera\u00e7\u00e3o econ\u00f4mica da pandemia e para a crise em geral, quanto para manuten\u00e7\u00e3o do SUS, que deve ter um ano cr\u00edtico em 2021\u201d, analisou.&nbsp;<\/p>\n\n\n\n<p>Fonte: <a href=\"https:\/\/brasil61.com\/noticias\/arrecadacao-prevista-pelo-governo-federal-em-2020-deve-ter-queda-brutal-avalia-ifi-bras202322?email=bethdeoliveira@yahoo.com.br&amp;utm_source=newsletter&amp;utm_medium=newsletter&amp;utm_campaign=newsletter\" target=\"_blank\" rel=\"noreferrer noopener\">Brasil 61<\/a><\/p>\n","protected":false},"excerpt":{"rendered":"<p>A previs\u00e3o da arrecada\u00e7\u00e3o prim\u00e1ria, que era de R$ 1,64 trilh\u00e3o, caiu para R$ 1,45<\/p>\n","protected":false},"author":2,"featured_media":4115,"comment_status":"open","ping_status":"open","sticky":false,"template":"","format":"standard","meta":{"footnotes":""},"categories":[18],"tags":[],"class_list":["post-4114","post","type-post","status-publish","format-standard","has-post-thumbnail","hentry","category-economia"],"_links":{"self":[{"href":"https:\/\/tvc16.com\/portal\/wp-json\/wp\/v2\/posts\/4114","targetHints":{"allow":["GET"]}}],"collection":[{"href":"https:\/\/tvc16.com\/portal\/wp-json\/wp\/v2\/posts"}],"about":[{"href":"https:\/\/tvc16.com\/portal\/wp-json\/wp\/v2\/types\/post"}],"author":[{"embeddable":true,"href":"https:\/\/tvc16.com\/portal\/wp-json\/wp\/v2\/users\/2"}],"replies":[{"embeddable":true,"href":"https:\/\/tvc16.com\/portal\/wp-json\/wp\/v2\/comments?post=4114"}],"version-history":[{"count":1,"href":"https:\/\/tvc16.com\/portal\/wp-json\/wp\/v2\/posts\/4114\/revisions"}],"predecessor-version":[{"id":4116,"href":"https:\/\/tvc16.com\/portal\/wp-json\/wp\/v2\/posts\/4114\/revisions\/4116"}],"wp:featuredmedia":[{"embeddable":true,"href":"https:\/\/tvc16.com\/portal\/wp-json\/wp\/v2\/media\/4115"}],"wp:attachment":[{"href":"https:\/\/tvc16.com\/portal\/wp-json\/wp\/v2\/media?parent=4114"}],"wp:term":[{"taxonomy":"category","embeddable":true,"href":"https:\/\/tvc16.com\/portal\/wp-json\/wp\/v2\/categories?post=4114"},{"taxonomy":"post_tag","embeddable":true,"href":"https:\/\/tvc16.com\/portal\/wp-json\/wp\/v2\/tags?post=4114"}],"curies":[{"name":"wp","href":"https:\/\/api.w.org\/{rel}","templated":true}]}}