{"id":4117,"date":"2020-10-27T22:31:19","date_gmt":"2020-10-27T22:31:19","guid":{"rendered":"https:\/\/tvc16.com\/portal\/?p=4117"},"modified":"2020-10-27T22:31:19","modified_gmt":"2020-10-27T22:31:19","slug":"novo-regulamento-para-o-setor-de-radiodifusao-passa-a-valer-a-partir-de-3-de-novembro","status":"publish","type":"post","link":"https:\/\/tvc16.com\/portal\/2020\/10\/27\/novo-regulamento-para-o-setor-de-radiodifusao-passa-a-valer-a-partir-de-3-de-novembro\/","title":{"rendered":"Novo regulamento para o setor de radiodifus\u00e3o passa a valer a partir de 3 de novembro"},"content":{"rendered":"\n<p>Documento viabiliza migra\u00e7\u00e3o das emissoras de r\u00e1dio AM para FM, com disponibiliza\u00e7\u00e3o da faixa estendida, entre 76.1 e 87.5 megahertz<\/p>\n\n\n\n<p>O setor de radiodifus\u00e3o vai passar por uma s\u00e9rie de mudan\u00e7as em sua regulamenta\u00e7\u00e3o. A principal delas \u00e9 o novo <a href=\"https:\/\/www.anatel.gov.br\/legislacao\/resolucoes\/2020\/1383-resolucao-721\">Regulamento sobre Canaliza\u00e7\u00e3o e Uso de Radiofrequ\u00eancias, aprovado pela Anatel<\/a> (Ag\u00eancia Nacional de Telecomunica\u00e7\u00f5es) e que entra em vigor no dia 3 de novembro.&nbsp;<\/p>\n\n\n\n<p>O documento visa simplificar o ambiente regulat\u00f3rio de radiodifus\u00e3o no pa\u00eds, destina faixas de radiofrequ\u00eancia e deve viabilizar os pedidos de migra\u00e7\u00e3o das emissoras que operam em AM para FM. Segundo o Minist\u00e9rio das Comunica\u00e7\u00f5es, atualmente, 390 solicita\u00e7\u00f5es deste tipo est\u00e3o na fila.&nbsp;<\/p>\n\n\n\n<p>Maximiliano Martinh\u00e3o, secret\u00e1rio de Radiodifus\u00e3o do Minist\u00e9rio das Comunica\u00e7\u00f5es, destaca a simplifica\u00e7\u00e3o que o processo trouxe para o setor. \u201cAntes da resolu\u00e7\u00e3o, para analisar a regulamenta\u00e7\u00e3o t\u00e9cnica era necess\u00e1rio consultar 35 resolu\u00e7\u00f5es, com essa nova resolu\u00e7\u00e3o, essa informa\u00e7\u00e3o est\u00e1 consolidada em um \u00fanico documento da Anatel\u201d.&nbsp;<\/p>\n\n\n\n<p><strong><a href=\"https:\/\/brasil61.com\/noticias\/dia-nacional-do-radio-adequacao-ao-meio-digital-e-superacao-na-pandemia-acompanhe-as-principais-vitorias-do-radio-brasileiro-bras201975\">Dia Nacional do R\u00e1dio: adequa\u00e7\u00e3o ao meio digital e supera\u00e7\u00e3o na pandemia, acompanhe as principais vit\u00f3rias do r\u00e1dio brasileiro<\/a><\/strong><\/p>\n\n\n\n<p><strong><a href=\"https:\/\/brasil61.com\/noticias\/amazonia-legal-pode-ter-novos-servicos-de-radio-em-230-municipios-da-regiao-bras202127\">Amaz\u00f4nia Legal pode ter novos servi\u00e7os de r\u00e1dio em 230 munic\u00edpios da regi\u00e3o<\/a><\/strong><\/p>\n\n\n\n<h2 class=\"wp-block-heading\">Faixa Estendida<\/h2>\n\n\n\n<p>A nova regula\u00e7\u00e3o no setor deve ampliar a FM, que hoje tem canais entre 87.7 MHz (Megahertz) e 107.9 MHz. A ideia \u00e9 que o dial FM seja estendido e passe a permitir novas esta\u00e7\u00f5es de r\u00e1dio entre as faixas 76.1 MHz e 87.5 MHz. A amplia\u00e7\u00e3o \u00e9 fundamental para atender as emissoras que est\u00e3o vindo da AM.\u00a0<\/p>\n\n\n\n<p>A migra\u00e7\u00e3o da AM para a FM ocorre, principalmente, pelo abandono dos ouvintes da AM, motivado pela presen\u00e7a de interfer\u00eancias e ru\u00eddos, especialmente nas \u00e1reas urbanas, o que acaba tornando a sintoniza\u00e7\u00e3o dessas esta\u00e7\u00f5es de r\u00e1dio uma grande dor de cabe\u00e7a.\u00a0<\/p>\n\n\n\n<p>Entre as vantagens, a FM tem uma melhor qualidade de \u00e1udio e transmiss\u00e3o, al\u00e9m de estar presente nos smartphones, o que permite maior audi\u00eancia e crescimento no faturamento. De acordo com a Associa\u00e7\u00e3o Brasileira de Emissoras de R\u00e1dio e Televis\u00e3o (Abert), das 1.781 outorgas de r\u00e1dio AM, cerca de 1.720 emissoras pediram a mudan\u00e7a para a FM.\u00a0<\/p>\n\n\n\n<p>Com os novos atos da Anatel, a nova faixa estendida, de cerca de 12 MHz (entre 76.1 MHz e 87.5 MHz), deve viabilizar a disponibiliza\u00e7\u00e3o de 60 canais em cada munic\u00edpio. De acordo com Vinicius Caram, superintendente de Outorga da Anatel, t\u00e3o logo o novo regulamento entre em vigor, o caminho para o uso da faixa estendida pelas emissoras de r\u00e1dio estar\u00e1 aberto. Isso porque esse espectro \u2014 que antes compreendia os canais 5 e 6 da TV anal\u00f3gica \u2014 j\u00e1 foi liberado com a digitaliza\u00e7\u00e3o da televis\u00e3o.&nbsp;<\/p>\n\n\n\n<p>Vinicius destaca que a destina\u00e7\u00e3o de faixas de radiofrequ\u00eancia para as emissoras de r\u00e1dio vai trazer seguran\u00e7a jur\u00eddica e transpar\u00eancia para setor, ao indicar as frequ\u00eancias e canais a serem usados.&nbsp;<\/p>\n\n\n\n<p>\u201cO regulamento era um anseio de todos, do setor de radiodifus\u00e3o, da ag\u00eancia e do Minist\u00e9rio das Comunica\u00e7\u00f5es. Permite o t\u00e3o esperado FM estendido, permitindo mais 12 Mhz ou 60 canais para finalizar a migra\u00e7\u00e3o de AM para FM\u201d, comemorou.&nbsp;<\/p>\n\n\n\n<figure class=\"wp-block-image\"><img decoding=\"async\" src=\"\/\/s3-sa-east-1.amazonaws.com\/agencia-radio-arb\/3041\/content_migracao-am-fm.png\" alt=\"Arte: Brasil 61\" title=\"Arte: Brasil 61\"\/><\/figure>\n\n\n\n<h2 class=\"wp-block-heading\">Amaz\u00f4nia Legal<\/h2>\n\n\n\n<p>Os requisitos t\u00e9cnicos apresentados em reuni\u00e3o na \u00faltima quarta-feira (14) tamb\u00e9m abrem possibilidade do servi\u00e7o de retransmiss\u00e3o de r\u00e1dio na Amaz\u00f4nia Legal, beneficiando a popula\u00e7\u00e3o de sete estados da Regi\u00e3o Norte, al\u00e9m do Maranh\u00e3o e de Mato Grosso. Segundo a Anatel, todo o processo de viabiliza\u00e7\u00e3o de canais da regi\u00e3o j\u00e1 foi recebido em formato digital.<\/p>\n\n\n\n<p>Fonte: <a href=\"https:\/\/brasil61.com\/noticias\/novo-regulamento-para-o-setor-de-radiodifusao-passa-a-valer-a-partir-de-3-de-novembro-bras202326?email=bethdeoliveira@yahoo.com.br&amp;utm_source=newsletter&amp;utm_medium=newsletter&amp;utm_campaign=newsletter\" target=\"_blank\" rel=\"noreferrer noopener\">Brasil 61<\/a><\/p>\n","protected":false},"excerpt":{"rendered":"<p>Documento viabiliza migra\u00e7\u00e3o das emissoras de r\u00e1dio AM para FM, com disponibiliza\u00e7\u00e3o da faixa estendida,<\/p>\n","protected":false},"author":2,"featured_media":4120,"comment_status":"open","ping_status":"open","sticky":false,"template":"","format":"standard","meta":{"footnotes":""},"categories":[14],"tags":[],"class_list":["post-4117","post","type-post","status-publish","format-standard","has-post-thumbnail","hentry","category-pais"],"_links":{"self":[{"href":"https:\/\/tvc16.com\/portal\/wp-json\/wp\/v2\/posts\/4117","targetHints":{"allow":["GET"]}}],"collection":[{"href":"https:\/\/tvc16.com\/portal\/wp-json\/wp\/v2\/posts"}],"about":[{"href":"https:\/\/tvc16.com\/portal\/wp-json\/wp\/v2\/types\/post"}],"author":[{"embeddable":true,"href":"https:\/\/tvc16.com\/portal\/wp-json\/wp\/v2\/users\/2"}],"replies":[{"embeddable":true,"href":"https:\/\/tvc16.com\/portal\/wp-json\/wp\/v2\/comments?post=4117"}],"version-history":[{"count":1,"href":"https:\/\/tvc16.com\/portal\/wp-json\/wp\/v2\/posts\/4117\/revisions"}],"predecessor-version":[{"id":4121,"href":"https:\/\/tvc16.com\/portal\/wp-json\/wp\/v2\/posts\/4117\/revisions\/4121"}],"wp:featuredmedia":[{"embeddable":true,"href":"https:\/\/tvc16.com\/portal\/wp-json\/wp\/v2\/media\/4120"}],"wp:attachment":[{"href":"https:\/\/tvc16.com\/portal\/wp-json\/wp\/v2\/media?parent=4117"}],"wp:term":[{"taxonomy":"category","embeddable":true,"href":"https:\/\/tvc16.com\/portal\/wp-json\/wp\/v2\/categories?post=4117"},{"taxonomy":"post_tag","embeddable":true,"href":"https:\/\/tvc16.com\/portal\/wp-json\/wp\/v2\/tags?post=4117"}],"curies":[{"name":"wp","href":"https:\/\/api.w.org\/{rel}","templated":true}]}}