{"id":41277,"date":"2022-08-05T15:30:06","date_gmt":"2022-08-05T18:30:06","guid":{"rendered":"https:\/\/tvc16.com\/portal\/?p=41277"},"modified":"2022-08-05T15:30:07","modified_gmt":"2022-08-05T18:30:07","slug":"prefeitura-de-petropolis-realiza-pit-stop-em-funcao-do-agosto-dourado-para-incentivar-a-amamentacao","status":"publish","type":"post","link":"https:\/\/tvc16.com\/portal\/2022\/08\/05\/prefeitura-de-petropolis-realiza-pit-stop-em-funcao-do-agosto-dourado-para-incentivar-a-amamentacao\/","title":{"rendered":"Prefeitura de Petr\u00f3polis realiza pit-stop em fun\u00e7\u00e3o do \u201cAgosto Dourado\u201d para incentivar a amamenta\u00e7\u00e3o"},"content":{"rendered":"\n<p>Nesta sexta-feira (05) a Pra\u00e7a Dom Pedro, em Petr\u00f3polis, ficou movimentada. A Secretaria de Sa\u00fade realizou um Pit-Stop sobre o Agosto Dourado, campanha que destaca a import\u00e2ncia da amamenta\u00e7\u00e3o. Equipes especializadas em sa\u00fade da mulher e crian\u00e7as foram respons\u00e1veis pelo atendimento e orienta\u00e7\u00e3o.<\/p>\n\n\n\n<p>\u201cO principal foco aqui hoje \u00e9 o mama\u00e7o, que \u00e9 um momento que as mulheres se re\u00fanem para amamentar e trocar experi\u00eancias, precisamos naturalizar a amamenta\u00e7\u00e3o em p\u00fablico\u201d, disse a coordenadora respons\u00e1vel da \u00e1rea de sa\u00fade t\u00e9cnica de alimenta\u00e7\u00e3o e nutri\u00e7\u00e3o, Izabel Pires.<\/p>\n\n\n\n<p>Uma das quest\u00f5es debatidas foi a import\u00e2ncia do cuidado n\u00e3o s\u00f3 da sa\u00fade f\u00edsica, mas tamb\u00e9m a sa\u00fade mental da mulher durante a amamenta\u00e7\u00e3o. \u201cA sa\u00fade da mulher no munic\u00edpio de Petr\u00f3polis tem cinco eixos, o ciclo grav\u00eddico puerperal, acompanhamento do c\u00e2ncer do colo de \u00fatero e mama, quest\u00f5es relacionadas \u00e0 viol\u00eancia e tamb\u00e9m planejamento familiar. Quando \u00e9 feita a gesta\u00e7\u00e3o \u00e9 muito importante ter este acompanhamento\u201d, disse a enfermeira respons\u00e1vel da \u00e1rea de sa\u00fade da mulher da secretaria de sa\u00fade de Petr\u00f3polis, Daniela Quintela.<\/p>\n\n\n\n<figure class=\"wp-block-image size-large\"><img loading=\"lazy\" decoding=\"async\" width=\"1024\" height=\"571\" src=\"https:\/\/tvc16.com\/portal\/wp-content\/uploads\/2022\/08\/WhatsApp-Image-2022-08-05-at-14.55.19-1024x571.jpeg\" alt=\"\" class=\"wp-image-41279\" srcset=\"https:\/\/tvc16.com\/portal\/wp-content\/uploads\/2022\/08\/WhatsApp-Image-2022-08-05-at-14.55.19-1024x571.jpeg 1024w, https:\/\/tvc16.com\/portal\/wp-content\/uploads\/2022\/08\/WhatsApp-Image-2022-08-05-at-14.55.19-300x167.jpeg 300w, https:\/\/tvc16.com\/portal\/wp-content\/uploads\/2022\/08\/WhatsApp-Image-2022-08-05-at-14.55.19-768x428.jpeg 768w, https:\/\/tvc16.com\/portal\/wp-content\/uploads\/2022\/08\/WhatsApp-Image-2022-08-05-at-14.55.19.jpeg 1280w\" sizes=\"auto, (max-width: 1024px) 100vw, 1024px\" \/><\/figure>\n\n\n\n<p>A coordenadora respons\u00e1vel pela \u00e1rea de sa\u00fade da mulher, Dayane Carvalho, explica que a gente n\u00e3o pode romantizar a amamenta\u00e7\u00e3o \u201cN\u00e3o \u00e9 uma fase f\u00e1cil, as mulheres necessitam de uma rede de apoio, todo mundo precisa apoiar este momento de fragilidade. A amamenta\u00e7\u00e3o envolve muito al\u00e9m da m\u00e3e e o beb\u00ea\u201d, disse Dayane. <\/p>\n\n\n\n<p>Respons\u00e1veis da \u00e1rea de sa\u00fade da crian\u00e7a e adolescente, orientaram as m\u00e3es que tem menos acesso a informa\u00e7\u00e3o, sobre os benef\u00edcios do leite materno para a sa\u00fade das crian\u00e7as. \u201cO leite materno engloba desde a imunidade, a prote\u00e7\u00e3o que a m\u00e3e passa atrav\u00e9s do leite, e os benef\u00edcios ao longo prazo relacionado ao crescimento, desenvolvimento, denti\u00e7\u00e3o, fala e at\u00e9 em preven\u00e7\u00e3o para problemas respirat\u00f3rios, obesidade e diabetes\u201d, explicou a enfermeira respons\u00e1vel da \u00e1rea t\u00e9cnica da sa\u00fade da crian\u00e7a e adolescente, Miri\u00e3 Rocha de Medeiros.<\/p>\n\n\n\n<p>De acordo com a coordenadora da \u00e1rea t\u00e9cnica da sa\u00fade da crian\u00e7a e adolescente, Sol da Silva, o acompanhamento psicol\u00f3gico interfere na sa\u00fade do beb\u00ea. \u201cSe essa crian\u00e7a n\u00e3o tiver o acolhimento e aproxima\u00e7\u00e3o com a fam\u00edlia e a m\u00e3e, esta crian\u00e7a pode vir a n\u00e3o mamar. O intuito \u00e9 que todas as crian\u00e7as sejam amamentadas, para que o crescimento seja saud\u00e1vel\u201d, esclareceu Sol.<\/p>\n\n\n\n<p>O \u201cAgosto Dourado\u201d tamb\u00e9m vai destacar a import\u00e2ncia da paternidade ativa, com o objetivo de discutir o papel dos homens no exerc\u00edcio da paternidade. A coordenadora respons\u00e1vel da \u00e1rea t\u00e9cnica da sa\u00fade do homem, Maria Eduarda Possato, explica que \u00e9 um momento para a sociedade repensar na participa\u00e7\u00e3o do homem durante o planejamento reprodutivo e familiar.<\/p>\n\n\n\n<p>\u201cO parceiro \u00e9 muito importante, a nossa estrat\u00e9gia \u00e9 fomentar o pr\u00e9-natal do parceiro, para ele se sentir cuidado e cuidar da nova vida que est\u00e1 vindo. \u00c9 muito importante refor\u00e7ar na paternidade ativa que s\u00e3o necess\u00e1rios criar v\u00ednculos para o desenvolvimento dessa crian\u00e7a\u201d, disse Maria Eduarda.<\/p>\n\n\n\n<p>Equipes do SAMU ensinaram t\u00e9cnicas para desengasgar os rec\u00e9m-nascidos e equipes da Secretaria de Sa\u00fade, aferiram press\u00e3o arterial e glicose, e tamb\u00e9m realizaram testes r\u00e1pidos para s\u00edfilis, HIV e hepatites.<br>\u201cO Agosto Dourado se trata da amamenta\u00e7\u00e3o, uma quest\u00e3o para muitas gestantes traz um medo de n\u00e3o conseguir\u201d, disse a gestante.<\/p>\n\n\n\n<p>A cada dia Miri\u00e3 fica mais ansiosa para a chegada de Heitor. \u201cEst\u00e3o passando v\u00e1rios sentimentos no final da gesta\u00e7\u00e3o, a ansiedade, felicidade, a vontade de que chegue logo, mas mesmo assim o medo dele vir tamb\u00e9m\u201d, finalizou Miri\u00e3 Ferreira Batista de Sousa.<\/p>\n\n\n\n<p>Por Gabriel Faxola<\/p>\n","protected":false},"excerpt":{"rendered":"<p>Nesta sexta-feira (05) a Pra\u00e7a Dom Pedro, em Petr\u00f3polis, ficou movimentada. A Secretaria de Sa\u00fade<\/p>\n","protected":false},"author":2,"featured_media":41278,"comment_status":"open","ping_status":"open","sticky":false,"template":"","format":"standard","meta":{"footnotes":""},"categories":[12],"tags":[],"class_list":["post-41277","post","type-post","status-publish","format-standard","has-post-thumbnail","hentry","category-cidade"],"_links":{"self":[{"href":"https:\/\/tvc16.com\/portal\/wp-json\/wp\/v2\/posts\/41277","targetHints":{"allow":["GET"]}}],"collection":[{"href":"https:\/\/tvc16.com\/portal\/wp-json\/wp\/v2\/posts"}],"about":[{"href":"https:\/\/tvc16.com\/portal\/wp-json\/wp\/v2\/types\/post"}],"author":[{"embeddable":true,"href":"https:\/\/tvc16.com\/portal\/wp-json\/wp\/v2\/users\/2"}],"replies":[{"embeddable":true,"href":"https:\/\/tvc16.com\/portal\/wp-json\/wp\/v2\/comments?post=41277"}],"version-history":[{"count":1,"href":"https:\/\/tvc16.com\/portal\/wp-json\/wp\/v2\/posts\/41277\/revisions"}],"predecessor-version":[{"id":41280,"href":"https:\/\/tvc16.com\/portal\/wp-json\/wp\/v2\/posts\/41277\/revisions\/41280"}],"wp:featuredmedia":[{"embeddable":true,"href":"https:\/\/tvc16.com\/portal\/wp-json\/wp\/v2\/media\/41278"}],"wp:attachment":[{"href":"https:\/\/tvc16.com\/portal\/wp-json\/wp\/v2\/media?parent=41277"}],"wp:term":[{"taxonomy":"category","embeddable":true,"href":"https:\/\/tvc16.com\/portal\/wp-json\/wp\/v2\/categories?post=41277"},{"taxonomy":"post_tag","embeddable":true,"href":"https:\/\/tvc16.com\/portal\/wp-json\/wp\/v2\/tags?post=41277"}],"curies":[{"name":"wp","href":"https:\/\/api.w.org\/{rel}","templated":true}]}}