{"id":4128,"date":"2020-10-27T22:44:05","date_gmt":"2020-10-27T22:44:05","guid":{"rendered":"https:\/\/tvc16.com\/portal\/?p=4128"},"modified":"2020-10-27T22:44:05","modified_gmt":"2020-10-27T22:44:05","slug":"nova-juiza-da-suprema-corte-dos-eua-tera-batismo-de-fogo-em-estreia","status":"publish","type":"post","link":"https:\/\/tvc16.com\/portal\/2020\/10\/27\/nova-juiza-da-suprema-corte-dos-eua-tera-batismo-de-fogo-em-estreia\/","title":{"rendered":"Nova ju\u00edza da Suprema Corte dos EUA ter\u00e1 batismo de fogo em estreia"},"content":{"rendered":"\n<h3 class=\"wp-block-heading\">Barrett, de 48 anos, ser\u00e1 empossada oficialmente nesta ter\u00e7a-feira<\/h3>\n\n\n\n<h4 class=\"wp-block-heading\">Por Lawrence Hurley &#8211; Reuters &#8211; Washington<\/h4>\n\n\n\n<figure class=\"wp-block-image\"><a href=\"https:\/\/br.reuters.com\/\" target=\"_blank\" rel=\"noreferrer noopener\"><img decoding=\"async\" src=\"https:\/\/agenciabrasil.ebc.com.br\/sites\/default\/files\/styles\/269x0\/public\/logo_parceiros\/logo_reuters.jpg?itok=1pP189Lc\" alt=\"Reuters\"\/><\/a><\/figure>\n\n\n\n<p>Rec\u00e9m-aprovada para a Suprema Corte dos Estados Unidos, a ju\u00edza conservadora Amy Coney Barrett enfrenta uma avalanche de casos politicamente delicados em seus primeiros dias no cargo, j\u00e1 que o tribunal analisar\u00e1 disputas eleitorais e se prepara para ouvir uma contesta\u00e7\u00e3o da lei de sa\u00fade Obamacare.<img decoding=\"async\" src=\"https:\/\/agenciabrasil.ebc.com.br\/ebc.png?id=1391600&amp;o=node\"><img decoding=\"async\" src=\"https:\/\/agenciabrasil.ebc.com.br\/ebc.gif?id=1391600&amp;o=node\"><\/p>\n\n\n\n<p>Na segunda-feira (26), o Senado sob controle republicano efetivou a confirma\u00e7\u00e3o, ignorando as obje\u00e7\u00f5es dos democratas a uma indica\u00e7\u00e3o t\u00e3o pr\u00f3xima da elei\u00e7\u00e3o presidencial de 3 de novembro. O presidente Donald Trump, que indicou Barrett, disse acreditar que a corte acabar\u00e1 decidindo o resultado da disputa entre ele e o democrata Joe Biden.<\/p>\n\n\n\n<p>Barrett, de 48 anos, que ser\u00e1 empossada oficialmente pelo juiz-chefe da Suprema Corte, John Roberts, nesta ter\u00e7a-feira (27), se une ao tribunal com duas quest\u00f5es eleitorais dos estados cruciais da Carolina do Norte e da Pensilv\u00e2nia \u00e0 espera de seu parecer.<\/p>\n\n\n\n<p>A expectativa \u00e9 que o tribunal se pronuncie sobre ambas antes do dia da elei\u00e7\u00e3o. Barrett integra a nova maioria conservadora de 6 votos a 3 da corte, e nenhum juiz da entidade havia sido confirmado t\u00e3o perto de uma elei\u00e7\u00e3o presidencial.<\/p>\n\n\n\n<p>Exatamente uma semana ap\u00f3s a elei\u00e7\u00e3o, a Suprema Corte julga um caso no qual republicanos, incluindo Trump, pedem que o tribunal anule a Lei de Cuidados Acess\u00edveis de 2010, conhecida como Obamacare.<\/p>\n\n\n\n<p>Em uma cerim\u00f4nia realizada na Casa Branca na segunda-feira (26), Barrett prometeu independ\u00eancia da pol\u00edtica.<\/p>\n\n\n\n<p>&#8220;Esta separa\u00e7\u00e3o da fun\u00e7\u00e3o de prefer\u00eancias pol\u00edticas \u00e9 o que torna o Judici\u00e1rio distinto&#8221;, disse.<\/p>\n","protected":false},"excerpt":{"rendered":"<p>Barrett, de 48 anos, ser\u00e1 empossada oficialmente nesta ter\u00e7a-feira Por Lawrence Hurley &#8211; Reuters &#8211;<\/p>\n","protected":false},"author":2,"featured_media":4129,"comment_status":"open","ping_status":"open","sticky":false,"template":"","format":"standard","meta":{"footnotes":""},"categories":[22],"tags":[],"class_list":["post-4128","post","type-post","status-publish","format-standard","has-post-thumbnail","hentry","category-internacional"],"_links":{"self":[{"href":"https:\/\/tvc16.com\/portal\/wp-json\/wp\/v2\/posts\/4128","targetHints":{"allow":["GET"]}}],"collection":[{"href":"https:\/\/tvc16.com\/portal\/wp-json\/wp\/v2\/posts"}],"about":[{"href":"https:\/\/tvc16.com\/portal\/wp-json\/wp\/v2\/types\/post"}],"author":[{"embeddable":true,"href":"https:\/\/tvc16.com\/portal\/wp-json\/wp\/v2\/users\/2"}],"replies":[{"embeddable":true,"href":"https:\/\/tvc16.com\/portal\/wp-json\/wp\/v2\/comments?post=4128"}],"version-history":[{"count":1,"href":"https:\/\/tvc16.com\/portal\/wp-json\/wp\/v2\/posts\/4128\/revisions"}],"predecessor-version":[{"id":4130,"href":"https:\/\/tvc16.com\/portal\/wp-json\/wp\/v2\/posts\/4128\/revisions\/4130"}],"wp:featuredmedia":[{"embeddable":true,"href":"https:\/\/tvc16.com\/portal\/wp-json\/wp\/v2\/media\/4129"}],"wp:attachment":[{"href":"https:\/\/tvc16.com\/portal\/wp-json\/wp\/v2\/media?parent=4128"}],"wp:term":[{"taxonomy":"category","embeddable":true,"href":"https:\/\/tvc16.com\/portal\/wp-json\/wp\/v2\/categories?post=4128"},{"taxonomy":"post_tag","embeddable":true,"href":"https:\/\/tvc16.com\/portal\/wp-json\/wp\/v2\/tags?post=4128"}],"curies":[{"name":"wp","href":"https:\/\/api.w.org\/{rel}","templated":true}]}}