{"id":41281,"date":"2022-08-05T19:20:15","date_gmt":"2022-08-05T22:20:15","guid":{"rendered":"https:\/\/tvc16.com\/portal\/?p=41281"},"modified":"2022-08-05T19:20:17","modified_gmt":"2022-08-05T22:20:17","slug":"secretaria-estadual-de-turismo-e-turisrio-levam-um-pouco-da-33a-bauernfest-a-festa-do-colono-alemao-de-petropolis-para-a-orla-de-copacabana","status":"publish","type":"post","link":"https:\/\/tvc16.com\/portal\/2022\/08\/05\/secretaria-estadual-de-turismo-e-turisrio-levam-um-pouco-da-33a-bauernfest-a-festa-do-colono-alemao-de-petropolis-para-a-orla-de-copacabana\/","title":{"rendered":"<em>Secretaria Estadual de Turismo e TurisRio levam um pouco da 33\u00aa Bauernfest, a Festa do Colono Alem\u00e3o de Petr\u00f3polis, para a orla de Copacabana<\/em>"},"content":{"rendered":"\n<p><em>No estande do projeto de destina\u00e7\u00e3o tur\u00edstica durante o inverno do Posto 4, o p\u00fablico vai conhecer um pouco da cultura alem\u00e3<\/em><\/p>\n\n\n\n<p>Neste fim de semana (6 e 7\/8), o projeto de destina\u00e7\u00e3o tur\u00edstica durante o inverno da orla de Copacabana, que acontece no Posto 4, receber\u00e1 atra\u00e7\u00f5es que prometem antecipar o clima da 33\u00aa Bauernfest, a Festa do Colono Alem\u00e3o de Petr\u00f3polis, a ser realizada de 12 a 28\/08, no munic\u00edpio da regi\u00e3o tur\u00edstica Serra Verde Imperial.<\/p>\n\n\n\n<p>A a\u00e7\u00e3o \u00e9 fruto da parceria entre Secretaria Estadual de Turismo (Setur-RJ) e a TurisRio com a prefeitura de Petr\u00f3polis, atrav\u00e9s da secretaria de Turismo (TurisPetro), e do Instituto Municipal de Cultura (IMC), com apoio da Associa\u00e7\u00e3o das Cervejarias Artesanais de Petr\u00f3polis (AMP).<\/p>\n\n\n\n<p><em>No estande, al\u00e9m dos moradores e visitantes terem a oportunidade de registrar momentos em um cart\u00e3o-postal do Rio, conhecer as op\u00e7\u00f5es culturais e o trabalho de artistas regionais, ir\u00e3o vivenciar a cultura alem\u00e3, com o grupo de dan\u00e7a folcl\u00f3rica germ\u00e2nica Bergstadt, com a presen\u00e7a da rainha e das princesas trajadas, e a banda Germany Polkband.<\/em><\/p>\n\n\n\n<p>Na Bauernfest, a influ\u00eancia germ\u00e2nica inspira uma programa\u00e7\u00e3o repleta de atividades culturais que resgatam as tradi\u00e7\u00f5es dos colonizadores. M\u00fasicas e dan\u00e7as t\u00edpicas, bailes, barraquinhas e restaurante com a gastronomia alem\u00e3, cerveja artesanal, desfiles, atividades para as crian\u00e7as, teatro, al\u00e9m dos tradicionais concursos \u2013 como o de chope a metro, fazem parte da programa\u00e7\u00e3o.<\/p>\n\n\n\n<p>A Festa do Colono Alem\u00e3o acontece desde 1990 em homenagem \u00e0 chegada dos colonos germ\u00e2nicos em Petr\u00f3polis. Hoje, \u00e9 o maior evento do g\u00eanero na cidade, no Estado, e um dos maiores do Brasil.<\/p>\n","protected":false},"excerpt":{"rendered":"<p>No estande do projeto de destina\u00e7\u00e3o tur\u00edstica durante o inverno do Posto 4, o p\u00fablico<\/p>\n","protected":false},"author":2,"featured_media":41282,"comment_status":"open","ping_status":"open","sticky":false,"template":"","format":"standard","meta":{"footnotes":""},"categories":[12],"tags":[],"class_list":["post-41281","post","type-post","status-publish","format-standard","has-post-thumbnail","hentry","category-cidade"],"_links":{"self":[{"href":"https:\/\/tvc16.com\/portal\/wp-json\/wp\/v2\/posts\/41281","targetHints":{"allow":["GET"]}}],"collection":[{"href":"https:\/\/tvc16.com\/portal\/wp-json\/wp\/v2\/posts"}],"about":[{"href":"https:\/\/tvc16.com\/portal\/wp-json\/wp\/v2\/types\/post"}],"author":[{"embeddable":true,"href":"https:\/\/tvc16.com\/portal\/wp-json\/wp\/v2\/users\/2"}],"replies":[{"embeddable":true,"href":"https:\/\/tvc16.com\/portal\/wp-json\/wp\/v2\/comments?post=41281"}],"version-history":[{"count":1,"href":"https:\/\/tvc16.com\/portal\/wp-json\/wp\/v2\/posts\/41281\/revisions"}],"predecessor-version":[{"id":41283,"href":"https:\/\/tvc16.com\/portal\/wp-json\/wp\/v2\/posts\/41281\/revisions\/41283"}],"wp:featuredmedia":[{"embeddable":true,"href":"https:\/\/tvc16.com\/portal\/wp-json\/wp\/v2\/media\/41282"}],"wp:attachment":[{"href":"https:\/\/tvc16.com\/portal\/wp-json\/wp\/v2\/media?parent=41281"}],"wp:term":[{"taxonomy":"category","embeddable":true,"href":"https:\/\/tvc16.com\/portal\/wp-json\/wp\/v2\/categories?post=41281"},{"taxonomy":"post_tag","embeddable":true,"href":"https:\/\/tvc16.com\/portal\/wp-json\/wp\/v2\/tags?post=41281"}],"curies":[{"name":"wp","href":"https:\/\/api.w.org\/{rel}","templated":true}]}}