{"id":41284,"date":"2022-08-06T08:00:00","date_gmt":"2022-08-06T11:00:00","guid":{"rendered":"https:\/\/tvc16.com\/portal\/?p=41284"},"modified":"2022-08-05T20:32:37","modified_gmt":"2022-08-05T23:32:37","slug":"sebrae-rio-seleciona-46-startups-de-forma-gratuita-a-participar-de-dois-grandes-eventos","status":"publish","type":"post","link":"https:\/\/tvc16.com\/portal\/2022\/08\/06\/sebrae-rio-seleciona-46-startups-de-forma-gratuita-a-participar-de-dois-grandes-eventos\/","title":{"rendered":"Sebrae Rio seleciona 46 startups, de forma gratuita, a participar de dois grandes eventos"},"content":{"rendered":"\n<p>Entre os dias 1 e 3 de setembro, dois grandes eventos voltados ao empreendedorismo v\u00e3o acontecer no Rio de Janeiro: a Feira do Empreendedor e o Green Rio. Atendendo ao objetivo de criar oportunidades de acesso a mercados para micro e pequenas empresas, o Sebrae Rio, de forma gratuita, vai selecionar 46 startups ao todo para participarem desses dois grandes eventos. As inscri\u00e7\u00f5es podem ser feitas at\u00e9 o dia 10 de agosto.<\/p>\n\n\n\n<p>Para a Feira do Empreendedor ser\u00e3o 30 vagas destinadas \u00e0 startups em opera\u00e7\u00e3o. As outras 16 vagas ser\u00e3o destinadas ao Green Rio para startups, neg\u00f3cios&nbsp;de&nbsp;impacto social ou ambiental e empresas que tenham ader\u00eancia \u00e0 tem\u00e1tica de sustentabilidade.&nbsp;As empresas selecionadas ter\u00e3o direito a um estande para exposi\u00e7\u00e3o durante os tr\u00eas dias do evento escolhido.<\/p>\n\n\n\n<blockquote class=\"wp-block-quote is-layout-flow wp-block-quote-is-layout-flow\"><p>\u201cO Sebrae j\u00e1 trabalha com diversos projetos para startups. Queremos contribuir dando a essas empresas a oportunidade de gera\u00e7\u00e3o de novos neg\u00f3cios, cria\u00e7\u00e3o de conex\u00f5es e possibilidade de amplia\u00e7\u00e3o de mercado. Trazer o pequeno neg\u00f3cio para eventos desse porte, cria e promove um ambiente com possibilidades de crescimento dessas empresas\u201d, destaca Andr\u00e9 de Mello, analista do Sebrae Rio.<\/p><\/blockquote>\n\n\n\n<p>As empresas que tenham interesse em participar, precisam ter um CNPJ v\u00e1lido, o neg\u00f3cio estar sediado no Estado do Rio de Janeiro, faturamento de at\u00e9 R$ 4,8 milh\u00f5es por ano, possuir um modelo de neg\u00f3cio inovador ou escal\u00e1vel.<\/p>\n\n\n\n<p>As inscri\u00e7\u00f5es para as seletivas podem ser feitas&nbsp;at\u00e9 o dia 10 de agosto,&nbsp;atrav\u00e9s dos links:<\/p>\n\n\n\n<p><strong>Feira do Empreendedor<\/strong><em>:<\/em>&nbsp;&nbsp;https:\/\/forms.office.com\/r\/nz2SG8PnaN<br><strong>Green Rio<\/strong>: https:\/\/forms.office.com\/r\/38b5qDpxRL<\/p>\n\n\n\n<p><strong>Feira&nbsp;do&nbsp;Empreendedor&nbsp;<\/strong><\/p>\n\n\n\n<p>\u00c9 considerado o maior evento presencial de empreendedorismo do Estado do Rio de Janeiro. A Feira do Empreendedor j\u00e1 est\u00e1 em sua 10\u00aa edi\u00e7\u00e3o. Sendo que a \u00faltima foi realizada em 2015. Inscri\u00e7\u00f5es:&nbsp;https:\/\/feiradoempreendedor.sebraerj.com.br\/.<\/p>\n\n\n\n<p><strong>Green Rio&nbsp;<\/strong><\/p>\n\n\n\n<p>O Green Rio \u00e9 uma plataforma de neg\u00f3cios de bioeconomia, economia verde, inova\u00e7\u00e3o, produ\u00e7\u00e3o sustent\u00e1vel e setor org\u00e2nico e acontecer\u00e1 no per\u00edodo de 01 a 03 de setembro, das 9h \u00e0s 18h, na Marina da Gl\u00f3ria. Informa\u00e7\u00f5es:\u00a0https:\/\/www.greenrio.com.br\/<\/p>\n\n\n\n<p class=\"has-small-font-size\"><em>Assessoria Sebrae-RJ<\/em><\/p>\n","protected":false},"excerpt":{"rendered":"<p>Entre os dias 1 e 3 de setembro, dois grandes eventos voltados ao empreendedorismo v\u00e3o<\/p>\n","protected":false},"author":2,"featured_media":41285,"comment_status":"open","ping_status":"open","sticky":false,"template":"","format":"standard","meta":{"footnotes":""},"categories":[18,17],"tags":[],"class_list":["post-41284","post","type-post","status-publish","format-standard","has-post-thumbnail","hentry","category-economia","category-outras-noticias"],"_links":{"self":[{"href":"https:\/\/tvc16.com\/portal\/wp-json\/wp\/v2\/posts\/41284","targetHints":{"allow":["GET"]}}],"collection":[{"href":"https:\/\/tvc16.com\/portal\/wp-json\/wp\/v2\/posts"}],"about":[{"href":"https:\/\/tvc16.com\/portal\/wp-json\/wp\/v2\/types\/post"}],"author":[{"embeddable":true,"href":"https:\/\/tvc16.com\/portal\/wp-json\/wp\/v2\/users\/2"}],"replies":[{"embeddable":true,"href":"https:\/\/tvc16.com\/portal\/wp-json\/wp\/v2\/comments?post=41284"}],"version-history":[{"count":2,"href":"https:\/\/tvc16.com\/portal\/wp-json\/wp\/v2\/posts\/41284\/revisions"}],"predecessor-version":[{"id":41302,"href":"https:\/\/tvc16.com\/portal\/wp-json\/wp\/v2\/posts\/41284\/revisions\/41302"}],"wp:featuredmedia":[{"embeddable":true,"href":"https:\/\/tvc16.com\/portal\/wp-json\/wp\/v2\/media\/41285"}],"wp:attachment":[{"href":"https:\/\/tvc16.com\/portal\/wp-json\/wp\/v2\/media?parent=41284"}],"wp:term":[{"taxonomy":"category","embeddable":true,"href":"https:\/\/tvc16.com\/portal\/wp-json\/wp\/v2\/categories?post=41284"},{"taxonomy":"post_tag","embeddable":true,"href":"https:\/\/tvc16.com\/portal\/wp-json\/wp\/v2\/tags?post=41284"}],"curies":[{"name":"wp","href":"https:\/\/api.w.org\/{rel}","templated":true}]}}