{"id":41287,"date":"2022-08-07T10:00:00","date_gmt":"2022-08-07T13:00:00","guid":{"rendered":"https:\/\/tvc16.com\/portal\/?p=41287"},"modified":"2022-08-05T20:30:18","modified_gmt":"2022-08-05T23:30:18","slug":"inauguracao-da-nova-sede-propria-da-escola-municipal-pastor-assis-cabral-em-teresopolis","status":"publish","type":"post","link":"https:\/\/tvc16.com\/portal\/2022\/08\/07\/inauguracao-da-nova-sede-propria-da-escola-municipal-pastor-assis-cabral-em-teresopolis\/","title":{"rendered":"Inaugura\u00e7\u00e3o da nova sede pr\u00f3pria da Escola Municipal Pastor Assis Cabral em Teres\u00f3polis"},"content":{"rendered":"\n<p>A Prefeitura de Teres\u00f3polis, por meio da Secretaria de Educa\u00e7\u00e3o, realizou a aquisi\u00e7\u00e3o de im\u00f3vel para a instala\u00e7\u00e3o da nova sede, agora pr\u00f3pria, da Escola Municipal Pastor Assis. <\/p>\n\n\n\n<p>A inaugura\u00e7\u00e3o do novo espa\u00e7o acontece nesta segunda-feira, 08\/08, \u00e0s 16h, na Rua Ant\u00f4nio Sequeira, 94 &#8211; Barra do Imbu\u00ed.<\/p>\n\n\n\n<p>Interditada pela Defesa Civil em 2011, quando ainda funcionava no bairro do Espanhol, a unidade precisou transferir os alunos para o Ciep Jos\u00e9 Olympio, no bairro da Barra do Imbu\u00ed, onde funcionou at\u00e9 o final do primeiro semestre letivo deste ano.\u00a0<\/p>\n\n\n\n<p class=\"has-small-font-size\"><em>Ascom Prefeitura de Teres\u00f3polis <\/em><\/p>\n","protected":false},"excerpt":{"rendered":"<p>A Prefeitura de Teres\u00f3polis, por meio da Secretaria de Educa\u00e7\u00e3o, realizou a aquisi\u00e7\u00e3o de im\u00f3vel<\/p>\n","protected":false},"author":2,"featured_media":41288,"comment_status":"open","ping_status":"open","sticky":false,"template":"","format":"standard","meta":{"footnotes":""},"categories":[19,17,15],"tags":[],"class_list":["post-41287","post","type-post","status-publish","format-standard","has-post-thumbnail","hentry","category-educacao","category-outras-noticias","category-politica"],"_links":{"self":[{"href":"https:\/\/tvc16.com\/portal\/wp-json\/wp\/v2\/posts\/41287","targetHints":{"allow":["GET"]}}],"collection":[{"href":"https:\/\/tvc16.com\/portal\/wp-json\/wp\/v2\/posts"}],"about":[{"href":"https:\/\/tvc16.com\/portal\/wp-json\/wp\/v2\/types\/post"}],"author":[{"embeddable":true,"href":"https:\/\/tvc16.com\/portal\/wp-json\/wp\/v2\/users\/2"}],"replies":[{"embeddable":true,"href":"https:\/\/tvc16.com\/portal\/wp-json\/wp\/v2\/comments?post=41287"}],"version-history":[{"count":2,"href":"https:\/\/tvc16.com\/portal\/wp-json\/wp\/v2\/posts\/41287\/revisions"}],"predecessor-version":[{"id":41299,"href":"https:\/\/tvc16.com\/portal\/wp-json\/wp\/v2\/posts\/41287\/revisions\/41299"}],"wp:featuredmedia":[{"embeddable":true,"href":"https:\/\/tvc16.com\/portal\/wp-json\/wp\/v2\/media\/41288"}],"wp:attachment":[{"href":"https:\/\/tvc16.com\/portal\/wp-json\/wp\/v2\/media?parent=41287"}],"wp:term":[{"taxonomy":"category","embeddable":true,"href":"https:\/\/tvc16.com\/portal\/wp-json\/wp\/v2\/categories?post=41287"},{"taxonomy":"post_tag","embeddable":true,"href":"https:\/\/tvc16.com\/portal\/wp-json\/wp\/v2\/tags?post=41287"}],"curies":[{"name":"wp","href":"https:\/\/api.w.org\/{rel}","templated":true}]}}