{"id":41290,"date":"2022-08-06T09:00:00","date_gmt":"2022-08-06T12:00:00","guid":{"rendered":"https:\/\/tvc16.com\/portal\/?p=41290"},"modified":"2022-08-05T20:31:26","modified_gmt":"2022-08-05T23:31:26","slug":"equipe-do-sine-teresopolis-participa-de-treinamento","status":"publish","type":"post","link":"https:\/\/tvc16.com\/portal\/2022\/08\/06\/equipe-do-sine-teresopolis-participa-de-treinamento\/","title":{"rendered":"Equipe do SINE Teres\u00f3polis participa de treinamento"},"content":{"rendered":"\n<p>As servidoras municipais Renata Telles Claudete Sim\u00e3o e Ana J\u00falia Rebello, respectivamente coordenadora, captadora de vagas e atendente do SINE Teresopolis, participaram de um curso de qualifica\u00e7\u00e3o na cidade de Miracema\/RJ. O objetivo foi a capacita\u00e7\u00e3o e o credenciamento da equipe para atua\u00e7\u00e3o direta \u00e0 popula\u00e7\u00e3o que busca atendimento no \u00f3rg\u00e3o, que integra a estrutura da Secretaria Municipal de Trabalho, Emprego e Economia Solid\u00e1ria.<\/p>\n\n\n\n<figure class=\"wp-block-image size-large\"><img loading=\"lazy\" decoding=\"async\" width=\"1024\" height=\"785\" src=\"https:\/\/tvc16.com\/portal\/wp-content\/uploads\/2022\/08\/4-1024x785.jpeg\" alt=\"\" class=\"wp-image-41292\" srcset=\"https:\/\/tvc16.com\/portal\/wp-content\/uploads\/2022\/08\/4-1024x785.jpeg 1024w, https:\/\/tvc16.com\/portal\/wp-content\/uploads\/2022\/08\/4-300x230.jpeg 300w, https:\/\/tvc16.com\/portal\/wp-content\/uploads\/2022\/08\/4-768x589.jpeg 768w, https:\/\/tvc16.com\/portal\/wp-content\/uploads\/2022\/08\/4.jpeg 1356w\" sizes=\"auto, (max-width: 1024px) 100vw, 1024px\" \/><\/figure>\n\n\n\n<p>Ministrado pelas coordenadoras da Secretaria de Estado de Trabalho e Renda (SETRAB), o curso teve a dura\u00e7\u00e3o de cinco dias, sendo aplicadas provas de conhecimento onde todas as servidoras foram aprovadas.<\/p>\n\n\n\n<p>\u201cA qualifica\u00e7\u00e3o de nossas equipes \u00e9 uma a\u00e7\u00e3o de rotina e faz parte do \u2018Emprega Ter\u00ea\u2019, eixo do \u2018Pra Cima Ter\u00ea \u2013 Programa Estrat\u00e9gico de Fortalecimento Econ\u00f4mico e Gera\u00e7\u00e3o de Empregos\u2019, lan\u00e7ado h\u00e1 dois anos pelo Prefeito Vinicius Claussen. Tudo para que nosso pessoal esteja sempre atualizado sobre os novos sistemas operacionais e pronto a vencer os desafios de sua rotina de trabalho, oferecendo atendimento de excel\u00eancia \u00e0 popula\u00e7\u00e3o\u201d, explica Lucas Guimar\u00e3es, secret\u00e1rio municipal de Trabalho, Emprego e Economia Solid\u00e1ria.<\/p>\n\n\n\n<figure class=\"wp-block-image size-large\"><img loading=\"lazy\" decoding=\"async\" width=\"1345\" height=\"897\" src=\"https:\/\/tvc16.com\/portal\/wp-content\/uploads\/2022\/08\/3-1024x683.jpeg\" alt=\"\" class=\"wp-image-41293\" srcset=\"https:\/\/tvc16.com\/portal\/wp-content\/uploads\/2022\/08\/3-1024x683.jpeg 1024w, https:\/\/tvc16.com\/portal\/wp-content\/uploads\/2022\/08\/3-300x200.jpeg 300w, https:\/\/tvc16.com\/portal\/wp-content\/uploads\/2022\/08\/3-768x512.jpeg 768w, https:\/\/tvc16.com\/portal\/wp-content\/uploads\/2022\/08\/3-900x600.jpeg 900w, https:\/\/tvc16.com\/portal\/wp-content\/uploads\/2022\/08\/3.jpeg 1345w\" sizes=\"auto, (max-width: 1345px) 100vw, 1345px\" \/><\/figure>\n\n\n\n<p>Unidade do Sistema Nacional de Emprego operacionalizada pela Secretaria Municipal de Trabalho, em conv\u00eanio com o Governo do Estado, o SINE divulga informes semanais com as vagas de emprego.&nbsp;Para ter acesso, os candidatos devem cadastrar o seu curr\u00edculo no portal&nbsp;www.teresopolis.rj.gov.br\/portal-do-trabalhador.<\/p>\n\n\n\n<p>Localizado no 1\u00ba piso da Prefeitura (Avenida Feliciano Sodr\u00e9, 675, na V\u00e1rzea), o SINE funciona de segunda a sexta, de 9h \u00e0s 12h e de 13h \u00e0s 17h. Contatos podem ser feitos pelo telefone (21) 97521-8424 ou pelo e-mail\u00a0sine@teresopolis.rj.gov.br.<\/p>\n\n\n\n<p class=\"has-small-font-size\"><em>Ascom Prefeitura de Teres\u00f3polis <\/em><\/p>\n","protected":false},"excerpt":{"rendered":"<p>As servidoras municipais Renata Telles Claudete Sim\u00e3o e Ana J\u00falia Rebello, respectivamente coordenadora, captadora de<\/p>\n","protected":false},"author":2,"featured_media":41291,"comment_status":"open","ping_status":"open","sticky":false,"template":"","format":"standard","meta":{"footnotes":""},"categories":[19,17],"tags":[],"class_list":["post-41290","post","type-post","status-publish","format-standard","has-post-thumbnail","hentry","category-educacao","category-outras-noticias"],"_links":{"self":[{"href":"https:\/\/tvc16.com\/portal\/wp-json\/wp\/v2\/posts\/41290","targetHints":{"allow":["GET"]}}],"collection":[{"href":"https:\/\/tvc16.com\/portal\/wp-json\/wp\/v2\/posts"}],"about":[{"href":"https:\/\/tvc16.com\/portal\/wp-json\/wp\/v2\/types\/post"}],"author":[{"embeddable":true,"href":"https:\/\/tvc16.com\/portal\/wp-json\/wp\/v2\/users\/2"}],"replies":[{"embeddable":true,"href":"https:\/\/tvc16.com\/portal\/wp-json\/wp\/v2\/comments?post=41290"}],"version-history":[{"count":2,"href":"https:\/\/tvc16.com\/portal\/wp-json\/wp\/v2\/posts\/41290\/revisions"}],"predecessor-version":[{"id":41301,"href":"https:\/\/tvc16.com\/portal\/wp-json\/wp\/v2\/posts\/41290\/revisions\/41301"}],"wp:featuredmedia":[{"embeddable":true,"href":"https:\/\/tvc16.com\/portal\/wp-json\/wp\/v2\/media\/41291"}],"wp:attachment":[{"href":"https:\/\/tvc16.com\/portal\/wp-json\/wp\/v2\/media?parent=41290"}],"wp:term":[{"taxonomy":"category","embeddable":true,"href":"https:\/\/tvc16.com\/portal\/wp-json\/wp\/v2\/categories?post=41290"},{"taxonomy":"post_tag","embeddable":true,"href":"https:\/\/tvc16.com\/portal\/wp-json\/wp\/v2\/tags?post=41290"}],"curies":[{"name":"wp","href":"https:\/\/api.w.org\/{rel}","templated":true}]}}