{"id":41295,"date":"2022-08-06T16:15:00","date_gmt":"2022-08-06T19:15:00","guid":{"rendered":"https:\/\/tvc16.com\/portal\/?p=41295"},"modified":"2022-08-05T20:30:43","modified_gmt":"2022-08-05T23:30:43","slug":"teresopolis-adota-software-para-otimizar-o-banco-de-dados-e-a-comunicacao-com-a-populacao","status":"publish","type":"post","link":"https:\/\/tvc16.com\/portal\/2022\/08\/06\/teresopolis-adota-software-para-otimizar-o-banco-de-dados-e-a-comunicacao-com-a-populacao\/","title":{"rendered":"Teres\u00f3polis adota software para otimizar o banco de dados e a comunica\u00e7\u00e3o com a popula\u00e7\u00e3o"},"content":{"rendered":"\n<p>Dando continuidade ao processo de transforma\u00e7\u00e3o digital da Prefeitura, a Gest\u00e3o Municipal passa a adotar o software Gove, de enriquecimento cadastral e comunica\u00e7\u00e3o multicanal com contribuintes. A ferramenta auxiliar\u00e1 a transforma\u00e7\u00e3o a partir de tr\u00eas pontos: efici\u00eancia no servi\u00e7o p\u00fablico, proximidade com os cidad\u00e3os e transpar\u00eancia dos atos. <\/p>\n\n\n\n<p>O lan\u00e7amento oficial da plataforma ocorreu semana passada, com a participa\u00e7\u00e3o dos secret\u00e1rios Fabiano Latini, de Fazenda, Clarissa Rippel, de Sa\u00fade, e F\u00e1bio Cunha Cardoso, de Planejamento e Projetos Especiais, de servidores municipais e da equipe Gove.<strong><\/strong><\/p>\n\n\n\n<p>\u201cA partir da contrata\u00e7\u00e3o do software Gove, a Prefeitura de Teres\u00f3polis realizar\u00e1 o cruzamento de dados entre suas diversas bases, tornando poss\u00edvel conhecer, analisar e atualizar os dados cadastrais em um \u00fanico local, fornecendo intelig\u00eancia para a administra\u00e7\u00e3o p\u00fablica. Com isso, a Prefeitura poder\u00e1 se comunicar diretamente com os contribuintes, aumentando sua efici\u00eancia arrecadat\u00f3ria. Em suma, o que eram dados isolados se transformam em informa\u00e7\u00f5es \u00fateis para a gest\u00e3o p\u00fablica, o que nos permite tomar as melhores decis\u00f5es no dia a dia e estabelecer uma comunica\u00e7\u00e3o mais \u00e1gil com o cidad\u00e3o\u201d, explica o secret\u00e1rio municipal de Fazenda, Fabiano Latini.<\/p>\n\n\n\n<p>Com a tecnologia do software, ser\u00e1 poss\u00edvel se comunicar digitalmente com o cidad\u00e3o de modo massivo ou segmentado, aumentando a efici\u00eancia na arrecada\u00e7\u00e3o de tributos. Lembretes de pagamento, avisos de d\u00e9bitos tribut\u00e1rios, al\u00e9m de informes sobre conquistas do munic\u00edpio, presta\u00e7\u00e3o de contas, alertas importantes, entre outros, ser\u00e3o comunicados pelo software. Assim, a Prefeitura tem \u00e0 sua disposi\u00e7\u00e3o um canal direto com os cidad\u00e3os, dando maior transpar\u00eancia aos atos da administra&amp;cc edil;\u00e3o.<strong><\/strong><\/p>\n\n\n\n<p>Para os cofundadores da Gove, Ricardo Ramos e Rodolfo Fiori, &#8220;\u00e9 um prazer iniciar essa parceria com um munic\u00edpio t\u00e3o importante e contribuir com tecnologia, que auxiliar\u00e1 a transforma\u00e7\u00e3o digital da gest\u00e3o p\u00fablica, fornecendo mais intelig\u00eancia e efici\u00eancia para os gestores\u201d.<strong><\/strong><\/p>\n\n\n\n<p>Continuando o processo de implementa\u00e7\u00e3o do software, nas pr\u00f3ximas semanas os servidores da Prefeitura de Teres\u00f3polis realizar\u00e3o treinamento com a equipe de especialistas da Gove para capacita\u00e7\u00e3o e uso do sistema.<\/p>\n\n\n\n<p class=\"has-small-font-size\"><em>Ascom Prefeitura de Teres\u00f3polis <\/em><\/p>\n","protected":false},"excerpt":{"rendered":"<p>Dando continuidade ao processo de transforma\u00e7\u00e3o digital da Prefeitura, a Gest\u00e3o Municipal passa a adotar<\/p>\n","protected":false},"author":2,"featured_media":41296,"comment_status":"open","ping_status":"open","sticky":false,"template":"","format":"standard","meta":{"footnotes":""},"categories":[18,19,17,15],"tags":[],"class_list":["post-41295","post","type-post","status-publish","format-standard","has-post-thumbnail","hentry","category-economia","category-educacao","category-outras-noticias","category-politica"],"_links":{"self":[{"href":"https:\/\/tvc16.com\/portal\/wp-json\/wp\/v2\/posts\/41295","targetHints":{"allow":["GET"]}}],"collection":[{"href":"https:\/\/tvc16.com\/portal\/wp-json\/wp\/v2\/posts"}],"about":[{"href":"https:\/\/tvc16.com\/portal\/wp-json\/wp\/v2\/types\/post"}],"author":[{"embeddable":true,"href":"https:\/\/tvc16.com\/portal\/wp-json\/wp\/v2\/users\/2"}],"replies":[{"embeddable":true,"href":"https:\/\/tvc16.com\/portal\/wp-json\/wp\/v2\/comments?post=41295"}],"version-history":[{"count":2,"href":"https:\/\/tvc16.com\/portal\/wp-json\/wp\/v2\/posts\/41295\/revisions"}],"predecessor-version":[{"id":41300,"href":"https:\/\/tvc16.com\/portal\/wp-json\/wp\/v2\/posts\/41295\/revisions\/41300"}],"wp:featuredmedia":[{"embeddable":true,"href":"https:\/\/tvc16.com\/portal\/wp-json\/wp\/v2\/media\/41296"}],"wp:attachment":[{"href":"https:\/\/tvc16.com\/portal\/wp-json\/wp\/v2\/media?parent=41295"}],"wp:term":[{"taxonomy":"category","embeddable":true,"href":"https:\/\/tvc16.com\/portal\/wp-json\/wp\/v2\/categories?post=41295"},{"taxonomy":"post_tag","embeddable":true,"href":"https:\/\/tvc16.com\/portal\/wp-json\/wp\/v2\/tags?post=41295"}],"curies":[{"name":"wp","href":"https:\/\/api.w.org\/{rel}","templated":true}]}}