{"id":41303,"date":"2022-08-07T15:10:00","date_gmt":"2022-08-07T18:10:00","guid":{"rendered":"https:\/\/tvc16.com\/portal\/?p=41303"},"modified":"2022-08-05T20:40:47","modified_gmt":"2022-08-05T23:40:47","slug":"secretaria-de-servicos-publicos-registra-quase-500-acoes-de-manutencao-da-iluminacao-publica-em-julho","status":"publish","type":"post","link":"https:\/\/tvc16.com\/portal\/2022\/08\/07\/secretaria-de-servicos-publicos-registra-quase-500-acoes-de-manutencao-da-iluminacao-publica-em-julho\/","title":{"rendered":"Secretaria de Servi\u00e7os P\u00fablicos registra quase 500 a\u00e7\u00f5es de manuten\u00e7\u00e3o da ilumina\u00e7\u00e3o p\u00fablica em julho"},"content":{"rendered":"\n<p>Durante o m\u00eas de julho, a Prefeitura, por meio da Secretaria de Servi\u00e7os P\u00fablicos, realizou em torno de 500 interven\u00e7\u00f5es na ilumina\u00e7\u00e3o p\u00fablica de vias, na cidade e no interior. Os servi\u00e7os de troca de l\u00e2mpadas comuns e as modernas de LED e substitui\u00e7\u00e3o de bra\u00e7os de luz alcan\u00e7aram diversos bairros e localidades dos tr\u00eas distritos do munic\u00edpio, com 211 a\u00e7\u00f5es relacionadas \u00e0 instala\u00e7\u00e3o da ilumina\u00e7\u00e3o de LED e 271 trabalhos de manuten\u00e7\u00e3o da ilumina\u00e7\u00e3o em geral.<\/p>\n\n\n\n<p>Os bairros atendidos foram Alto, 40 Casas, Comary, Cascata dos Amores, Granja Guarani, Beira Linha, Santa Cec\u00edlia, S\u00e3o Pedro, Pimentel, Fazendinha, Bom Retiro, Jardim Serrano, Jardim Europa, Panorama, V\u00e1rzea, Parque S\u00e3o Luiz, Moro dos Pinheiros, Paineiras, Pimenteiras, Barra do Imbu\u00ed, Quebra-Frascos, Quinta da Barra, Caleme, Granja Florestal, Campo Limpo, Posse, Salaco, Parque do Imbu\u00ed, Vila Imbu\u00ed, Cascata Guarani, Cascata do Imbu\u00ed, Coreia, Fonte Santa, Meudon, Ermitage, Quinta Lebr\u00e3o, Albuquerque, Montanhas, Prata e Vale da Prata.<\/p>\n\n\n\n<p>No interior, as localidades que receberam os servi\u00e7os de manuten\u00e7\u00e3o na ilumina\u00e7\u00e3o p\u00fablica foram \u00c1gua Quente, Venda Nova, Vale Feliz, Bonsucesso, Imbu\u00ed, Sebastiana, Vale Alpino, Vieira, Canoas, Cruzeiro, Granja Mafra, Pessegueiros, Brejal, Prates, Tr\u00eas C\u00f3rregos e Santa Rita.<\/p>\n\n\n\n<p class=\"has-small-font-size\">Ascom Prefeitura de Teres\u00f3polis<\/p>\n\n\n\n<p class=\"has-small-font-size\">Fotos: Divulga\u00e7\u00e3o<\/p>\n","protected":false},"excerpt":{"rendered":"<p>Durante o m\u00eas de julho, a Prefeitura, por meio da Secretaria de Servi\u00e7os P\u00fablicos, realizou<\/p>\n","protected":false},"author":2,"featured_media":41304,"comment_status":"open","ping_status":"open","sticky":false,"template":"","format":"standard","meta":{"footnotes":""},"categories":[18,17,15],"tags":[],"class_list":["post-41303","post","type-post","status-publish","format-standard","has-post-thumbnail","hentry","category-economia","category-outras-noticias","category-politica"],"_links":{"self":[{"href":"https:\/\/tvc16.com\/portal\/wp-json\/wp\/v2\/posts\/41303","targetHints":{"allow":["GET"]}}],"collection":[{"href":"https:\/\/tvc16.com\/portal\/wp-json\/wp\/v2\/posts"}],"about":[{"href":"https:\/\/tvc16.com\/portal\/wp-json\/wp\/v2\/types\/post"}],"author":[{"embeddable":true,"href":"https:\/\/tvc16.com\/portal\/wp-json\/wp\/v2\/users\/2"}],"replies":[{"embeddable":true,"href":"https:\/\/tvc16.com\/portal\/wp-json\/wp\/v2\/comments?post=41303"}],"version-history":[{"count":1,"href":"https:\/\/tvc16.com\/portal\/wp-json\/wp\/v2\/posts\/41303\/revisions"}],"predecessor-version":[{"id":41305,"href":"https:\/\/tvc16.com\/portal\/wp-json\/wp\/v2\/posts\/41303\/revisions\/41305"}],"wp:featuredmedia":[{"embeddable":true,"href":"https:\/\/tvc16.com\/portal\/wp-json\/wp\/v2\/media\/41304"}],"wp:attachment":[{"href":"https:\/\/tvc16.com\/portal\/wp-json\/wp\/v2\/media?parent=41303"}],"wp:term":[{"taxonomy":"category","embeddable":true,"href":"https:\/\/tvc16.com\/portal\/wp-json\/wp\/v2\/categories?post=41303"},{"taxonomy":"post_tag","embeddable":true,"href":"https:\/\/tvc16.com\/portal\/wp-json\/wp\/v2\/tags?post=41303"}],"curies":[{"name":"wp","href":"https:\/\/api.w.org\/{rel}","templated":true}]}}