{"id":41306,"date":"2022-08-07T20:30:00","date_gmt":"2022-08-07T23:30:00","guid":{"rendered":"https:\/\/tvc16.com\/portal\/?p=41306"},"modified":"2022-08-05T20:47:52","modified_gmt":"2022-08-05T23:47:52","slug":"construcao-da-nova-galeria-pluvial-na-rua-tiete-em-teresopolis-comeca-nesta-segunda-feira","status":"publish","type":"post","link":"https:\/\/tvc16.com\/portal\/2022\/08\/07\/construcao-da-nova-galeria-pluvial-na-rua-tiete-em-teresopolis-comeca-nesta-segunda-feira\/","title":{"rendered":"Constru\u00e7\u00e3o da nova galeria pluvial na Rua Tiet\u00ea, em Teres\u00f3polis, come\u00e7a nesta segunda-feira"},"content":{"rendered":"\n<p><em>Tr\u00e2nsito no entorno ter\u00e1 algumas altera\u00e7\u00f5es devido ao trabalho da Prefeitura no local\u00a0<\/em><\/p>\n\n\n\n<p>A\u00a0Secretaria Municipal de Servi\u00e7os p\u00fablicos inicia, nesta segunda-feira, a constru\u00e7\u00e3o de nova rede de drenagem de \u00e1guas pluviais na Rua Tiet\u00ea, no trecho entre a Casa de Cultura Adolpho Bloch e a Pra\u00e7a Dom Quixote, em Araras. Com cerca de 500 metros de extens\u00e3o e utilizando manilhas de concreto de um metro de di\u00e2metro, a nova galeria ser\u00e1 constru\u00edda ao lado da j\u00e1 existente no local. Com isso, o tr\u00e2nsito no entorno passar\u00e1 por algumas altera\u00e7\u00f5es, entre 8h e 17h, conforme explicado a seguir. Guardas municipais estar\u00e3o no local para orientar os motoristas.<\/p>\n\n\n\n<p>Os ve\u00edculos que quiserem seguir de Araras em dire\u00e7\u00e3o \u00e0 V\u00e1rzea dever\u00e3o seguir pela Rua Tiet\u00ea, acessando a Rua Josefa Jorge Copelo (via lateral \u00e0 Casa de Cultura), prosseguindo pela Rua Alfredo Rebello Filho, seguindo em dire\u00e7\u00e3o \u00e0 Rua Tiet\u00ea sentido Avenida Alberto Torres. Os ve\u00edculos que estiverem na Av. Alberto Torres e que tiverem o interesse em seguir para o bairro de Araras dever\u00e3o acessar a Rua Tiet\u00ea, pegar a Rua Alfredo Rebello Filho, acessando a Rua Josefa Jorge Copelo, e seguir novamente pela Rua Tiet\u00ea.<\/p>\n\n\n\n<p>Quem vier do bairro S\u00e3o Pedro, pegar\u00e1 a Rua Amap\u00e1, passando pela Pra\u00e7a Dom Quixote, seguindo pela Rua Tiet\u00ea at\u00e9 a Rua Josefa Jorge Copelo, de onde dever\u00e1 acessar a Rua Alfredo Rebello Filho e, em seguida, a Rua Tiet\u00ea novamente, saindo na Av. Alberto Torres, sentido Alto ou V\u00e1rzea.<\/p>\n\n\n\n<p>A Obra&nbsp;<\/p>\n\n\n\n<p>A determina\u00e7\u00e3o do Prefeito Vinicius Claussen \u00e9 melhorar a capta\u00e7\u00e3o das \u00e1guas da chuva que descem com press\u00e3o dos bairros Barroso e S\u00e3o Pedro at\u00e9 a Pra\u00e7a Dom Quixote e que acabam danificando a galeria atual, destruindo a pavimenta\u00e7\u00e3o naquele trecho. \u00c9 um problema recorrente em \u00e9poca de temporais que a Gest\u00e3o Municipal pretende eliminar. Depois da obra, todo o trecho da Rua Tiet\u00ea receber\u00e1 novo recapeamento, com asfalto quente, dentro do programa \u2018Asfalto Presente\u2019, do Governo do Estado, e que vem sendo realizado em diversas vias p\u00fablicas na cidade.<\/p>\n\n\n\n<p>Outros dois pontos cr\u00edticos de alagamento no per\u00edodo das chuvas de ver\u00e3o v\u00e3o receber obras de drenagem da Prefeitura: as ruas Carmela Dutra, em Agri\u00f5es, e Manoel Jos\u00e9 Lebr\u00e3o, no cruzamento com as avenidas L\u00facio Meira e Delfim Moreira, na V\u00e1rzea. Na Carmela Dutra ser\u00e1 constru\u00edda nova galeria com 900 metros de extens\u00e3o, e a Manoel Jos\u00e9 Lebr\u00e3o ter\u00e1 nova rede de capta\u00e7\u00e3o e drenagem no trecho at\u00e9 a altura da ponte pr\u00f3xima ao cruzamento com as ruas Heitor de Moura Estev\u00e3o e Presidente Roosevelt. O objetivo \u00e9 eliminar os alagamentos hist\u00f3ricos nessas regi\u00f5es.<\/p>\n\n\n\n<p class=\"has-small-font-size\"><em>Ascom Prefeitura de Teres\u00f3polis<\/em><\/p>\n","protected":false},"excerpt":{"rendered":"<p>Tr\u00e2nsito no entorno ter\u00e1 algumas altera\u00e7\u00f5es devido ao trabalho da Prefeitura no local\u00a0 A\u00a0Secretaria Municipal<\/p>\n","protected":false},"author":2,"featured_media":41307,"comment_status":"open","ping_status":"open","sticky":false,"template":"","format":"standard","meta":{"footnotes":""},"categories":[18,17],"tags":[],"class_list":["post-41306","post","type-post","status-publish","format-standard","has-post-thumbnail","hentry","category-economia","category-outras-noticias"],"_links":{"self":[{"href":"https:\/\/tvc16.com\/portal\/wp-json\/wp\/v2\/posts\/41306","targetHints":{"allow":["GET"]}}],"collection":[{"href":"https:\/\/tvc16.com\/portal\/wp-json\/wp\/v2\/posts"}],"about":[{"href":"https:\/\/tvc16.com\/portal\/wp-json\/wp\/v2\/types\/post"}],"author":[{"embeddable":true,"href":"https:\/\/tvc16.com\/portal\/wp-json\/wp\/v2\/users\/2"}],"replies":[{"embeddable":true,"href":"https:\/\/tvc16.com\/portal\/wp-json\/wp\/v2\/comments?post=41306"}],"version-history":[{"count":1,"href":"https:\/\/tvc16.com\/portal\/wp-json\/wp\/v2\/posts\/41306\/revisions"}],"predecessor-version":[{"id":41308,"href":"https:\/\/tvc16.com\/portal\/wp-json\/wp\/v2\/posts\/41306\/revisions\/41308"}],"wp:featuredmedia":[{"embeddable":true,"href":"https:\/\/tvc16.com\/portal\/wp-json\/wp\/v2\/media\/41307"}],"wp:attachment":[{"href":"https:\/\/tvc16.com\/portal\/wp-json\/wp\/v2\/media?parent=41306"}],"wp:term":[{"taxonomy":"category","embeddable":true,"href":"https:\/\/tvc16.com\/portal\/wp-json\/wp\/v2\/categories?post=41306"},{"taxonomy":"post_tag","embeddable":true,"href":"https:\/\/tvc16.com\/portal\/wp-json\/wp\/v2\/tags?post=41306"}],"curies":[{"name":"wp","href":"https:\/\/api.w.org\/{rel}","templated":true}]}}