{"id":41309,"date":"2022-08-06T10:49:00","date_gmt":"2022-08-06T13:49:00","guid":{"rendered":"https:\/\/tvc16.com\/portal\/?p=41309"},"modified":"2022-08-05T20:55:20","modified_gmt":"2022-08-05T23:55:20","slug":"fiscalizacoes-do-procon-rj-em-postos-de-combustiveis-completam-1-mes-e-reducao-da-gasolina-fica-acima-da-expectativa","status":"publish","type":"post","link":"https:\/\/tvc16.com\/portal\/2022\/08\/06\/fiscalizacoes-do-procon-rj-em-postos-de-combustiveis-completam-1-mes-e-reducao-da-gasolina-fica-acima-da-expectativa\/","title":{"rendered":"Fiscaliza\u00e7\u00f5es do Procon-RJ em postos de combust\u00edveis completam 1 m\u00eas e redu\u00e7\u00e3o da gasolina fica acima da expectativa"},"content":{"rendered":"\n<p><em>Fiscais constatam redu\u00e7\u00e3o constante nos pre\u00e7os do etanol e da gasolina<\/em><\/p>\n\n\n\n<p>O Procon-RJ e as secretarias de Estado de Defesa do Consumidor e Fazenda completaram um m\u00eas de a\u00e7\u00f5es de fiscaliza\u00e7\u00e3o para verificar a redu\u00e7\u00e3o do ICMS sobre a gasolina e o etanol no estado. Desde o in\u00edcio da opera\u00e7\u00e3o, em 4 de julho, 723 postos j\u00e1 foram vistoriados, 314 orientados quanto ao Decreto Federal 11.121 &#8211; que determina a exposi\u00e7\u00e3o dos pre\u00e7os praticados no dia 22\/06\/22 e do valor atual -, e 122 autuados. O impacto da redu\u00e7\u00e3o do ICMS na gasolina foi de R$2,09, bem acima do esperado pelo governo, que era uma redu\u00e7\u00e3o de R$1,19.<\/p>\n\n\n\n<p>O pre\u00e7o m\u00e9dio constatado pelos fiscais nesta quarta-feira (03\/08), em 23 postos da Zona Norte e Oeste da regi\u00e3o metropolitana, Itagua\u00ed e no sul fluminense, foi de R$ 5,71 para a gasolina e R$ 4,88 para o etanol, demonstrando a constante redu\u00e7\u00e3o de valor. Se comparado ao valor praticado antes do decreto, em que a gasolina custava em m\u00e9dia R$7,80, o impacto da redu\u00e7\u00e3o do imposto no pre\u00e7o da gasolina foi de R$2,09, acima da redu\u00e7\u00e3o estimada de R$1,19.<\/p>\n\n\n\n<p>&#8211; As opera\u00e7\u00f5es ser\u00e3o cont\u00ednuas, buscando avaliar e garantir que a redu\u00e7\u00e3o do tributo seja de fato repassada ao consumidor final &#8211; afirma o presidente do Procon-RJ e secret\u00e1rio de Desenvolvimento Econ\u00f4mico, C\u00e1ssio Coelho.<\/p>\n\n\n\n<p>A a\u00e7\u00e3o conta com apoio das secretarias da Casa Civil e de Desenvolvimento Econ\u00f4mico, al\u00e9m do Comando de Pol\u00edcia Ambiental da Pol\u00edcia Militar, das delegacias do Consumidor e de Defesa dos Servi\u00e7os Delegados, da Pol\u00edcia Civil, de Agentes da For\u00e7a Especial de Controle de Divisas &#8211; Opera\u00e7\u00e3o Foco e da Ag\u00eancia Nacional de Petr\u00f3leo. As fiscaliza\u00e7\u00f5es ser\u00e3o mantidas.<\/p>\n\n\n\n<p class=\"has-small-font-size\"><em>Foto:&nbsp;<\/em>Divulga\u00e7\u00e3o<\/p>\n\n\n\n<p class=\"has-small-font-size\"><em>N\u00facleo de Imprensa do Governo do Estado do Rio de Janeiro<\/em><\/p>\n","protected":false},"excerpt":{"rendered":"<p>Fiscais constatam redu\u00e7\u00e3o constante nos pre\u00e7os do etanol e da gasolina O Procon-RJ e as<\/p>\n","protected":false},"author":2,"featured_media":41310,"comment_status":"open","ping_status":"open","sticky":false,"template":"","format":"standard","meta":{"footnotes":""},"categories":[18,17],"tags":[],"class_list":["post-41309","post","type-post","status-publish","format-standard","has-post-thumbnail","hentry","category-economia","category-outras-noticias"],"_links":{"self":[{"href":"https:\/\/tvc16.com\/portal\/wp-json\/wp\/v2\/posts\/41309","targetHints":{"allow":["GET"]}}],"collection":[{"href":"https:\/\/tvc16.com\/portal\/wp-json\/wp\/v2\/posts"}],"about":[{"href":"https:\/\/tvc16.com\/portal\/wp-json\/wp\/v2\/types\/post"}],"author":[{"embeddable":true,"href":"https:\/\/tvc16.com\/portal\/wp-json\/wp\/v2\/users\/2"}],"replies":[{"embeddable":true,"href":"https:\/\/tvc16.com\/portal\/wp-json\/wp\/v2\/comments?post=41309"}],"version-history":[{"count":1,"href":"https:\/\/tvc16.com\/portal\/wp-json\/wp\/v2\/posts\/41309\/revisions"}],"predecessor-version":[{"id":41311,"href":"https:\/\/tvc16.com\/portal\/wp-json\/wp\/v2\/posts\/41309\/revisions\/41311"}],"wp:featuredmedia":[{"embeddable":true,"href":"https:\/\/tvc16.com\/portal\/wp-json\/wp\/v2\/media\/41310"}],"wp:attachment":[{"href":"https:\/\/tvc16.com\/portal\/wp-json\/wp\/v2\/media?parent=41309"}],"wp:term":[{"taxonomy":"category","embeddable":true,"href":"https:\/\/tvc16.com\/portal\/wp-json\/wp\/v2\/categories?post=41309"},{"taxonomy":"post_tag","embeddable":true,"href":"https:\/\/tvc16.com\/portal\/wp-json\/wp\/v2\/tags?post=41309"}],"curies":[{"name":"wp","href":"https:\/\/api.w.org\/{rel}","templated":true}]}}