{"id":41315,"date":"2022-08-07T09:20:00","date_gmt":"2022-08-07T12:20:00","guid":{"rendered":"https:\/\/tvc16.com\/portal\/?p=41315"},"modified":"2022-08-05T21:30:18","modified_gmt":"2022-08-06T00:30:18","slug":"cantor-belo-se-apresenta-hoje-em-teresopolis","status":"publish","type":"post","link":"https:\/\/tvc16.com\/portal\/2022\/08\/07\/cantor-belo-se-apresenta-hoje-em-teresopolis\/","title":{"rendered":"Cantor Belo se apresenta hoje em Teres\u00f3polis"},"content":{"rendered":"\n<p>O Show acontece hoje, a partir das 14h no evento &#8220;Vamo Sambar?!&#8221;, que tem cunho solid\u00e1rio com arrecada\u00e7\u00e3o de alimentos n\u00e3o perec\u00edveis, que ser\u00e3o distribuidos para fam\u00edlias em vulnerabilidade social em Teres\u00f3polis. O Parque de Exposi\u00e7\u00f5es, em Albuquerque, volta a ser cen\u00e1rio de grandes eventos e al\u00e9m do cantor, v\u00e3o se apresentar tamb\u00e9m Tiago Souza, DJ TorVic, Resenha Pura, S\u00f3 Alegria, Bigode Serrano, N\u00f3s do Samba e DJ Pedro D`Avilla.<\/p>\n\n\n\n<p>Os alimentos arrecadados tamb\u00e9m ser\u00e3o destinados para os programas municipais \u2018Sopa Popular\u2019 e \u2018Caf\u00e9 Popular\u2019, este, servindo almo\u00e7o para as pessoas que est\u00e3o abrigadas nos dormit\u00f3rios do Gin\u00e1sio Pedr\u00e3o devido ao inc\u00eandio ocorrido no abrigo Sop\u00e3o recentemente.<\/p>\n\n\n\n<p>O Prefeito Vinicius Claussen destacou que o evento conta com a parceria da Prefeitura, mas enfatizou que n\u00e3o haver\u00e1 custos para os cofres p\u00fablicos municipais.  Informou ainda que a contrapartida da organizadora do evento pelo uso do espa\u00e7o \u00e9 a revitaliza\u00e7\u00e3o do espa\u00e7o, com a pintura das \u00e1reas externa e interna do parque, que j\u00e1 est\u00e1 sendo realizada.<\/p>\n","protected":false},"excerpt":{"rendered":"<p>O Show acontece hoje, a partir das 14h no evento &#8220;Vamo Sambar?!&#8221;, que tem cunho<\/p>\n","protected":false},"author":2,"featured_media":41316,"comment_status":"open","ping_status":"open","sticky":false,"template":"","format":"standard","meta":{"footnotes":""},"categories":[21,264,18,17,15],"tags":[],"class_list":["post-41315","post","type-post","status-publish","format-standard","has-post-thumbnail","hentry","category-cultura","category-destaque","category-economia","category-outras-noticias","category-politica"],"_links":{"self":[{"href":"https:\/\/tvc16.com\/portal\/wp-json\/wp\/v2\/posts\/41315","targetHints":{"allow":["GET"]}}],"collection":[{"href":"https:\/\/tvc16.com\/portal\/wp-json\/wp\/v2\/posts"}],"about":[{"href":"https:\/\/tvc16.com\/portal\/wp-json\/wp\/v2\/types\/post"}],"author":[{"embeddable":true,"href":"https:\/\/tvc16.com\/portal\/wp-json\/wp\/v2\/users\/2"}],"replies":[{"embeddable":true,"href":"https:\/\/tvc16.com\/portal\/wp-json\/wp\/v2\/comments?post=41315"}],"version-history":[{"count":1,"href":"https:\/\/tvc16.com\/portal\/wp-json\/wp\/v2\/posts\/41315\/revisions"}],"predecessor-version":[{"id":41317,"href":"https:\/\/tvc16.com\/portal\/wp-json\/wp\/v2\/posts\/41315\/revisions\/41317"}],"wp:featuredmedia":[{"embeddable":true,"href":"https:\/\/tvc16.com\/portal\/wp-json\/wp\/v2\/media\/41316"}],"wp:attachment":[{"href":"https:\/\/tvc16.com\/portal\/wp-json\/wp\/v2\/media?parent=41315"}],"wp:term":[{"taxonomy":"category","embeddable":true,"href":"https:\/\/tvc16.com\/portal\/wp-json\/wp\/v2\/categories?post=41315"},{"taxonomy":"post_tag","embeddable":true,"href":"https:\/\/tvc16.com\/portal\/wp-json\/wp\/v2\/tags?post=41315"}],"curies":[{"name":"wp","href":"https:\/\/api.w.org\/{rel}","templated":true}]}}