{"id":41318,"date":"2022-08-06T08:33:00","date_gmt":"2022-08-06T11:33:00","guid":{"rendered":"https:\/\/tvc16.com\/portal\/?p=41318"},"modified":"2022-08-05T21:50:30","modified_gmt":"2022-08-06T00:50:30","slug":"9-dia-nacional-do-samba-acontece-neste-sabado-em-petropolis","status":"publish","type":"post","link":"https:\/\/tvc16.com\/portal\/2022\/08\/06\/9-dia-nacional-do-samba-acontece-neste-sabado-em-petropolis\/","title":{"rendered":"9\u00b0 Dia Nacional do Samba acontece neste s\u00e1bado em Petr\u00f3polis"},"content":{"rendered":"\n<p>O Dia Nacional do Samba em Petr\u00f3polis, faz parte da programa\u00e7\u00e3o do 4\u00ba Festival de Inverno Afro Serra e acontece neste s\u00e1bado, na Casa dos Conselhos, junto ao Pal\u00e1cio S\u00e9rgio Fadel, na Av Koeler, 260, \u00e0s 16h30, com entrada gratuita.<\/p>\n\n\n\n<p>Esta edi\u00e7\u00e3o presta uma homenagem ao Centen\u00e1rio de Z\u00e9 Keti, 3\u00aa Semana do Capoeirista, 5\u00aa Semana das Pretas, al\u00e9m de apresentar muita M\u00fasica, Dan\u00e7a, Teatro, Literatura, Conta\u00e7\u00e3o de Hist\u00f3ria, Oficinas, Dicas de Beleza e muito mais.<\/p>\n\n\n\n<p>Em 2019, acontceu a primeira edi\u00e7\u00e3o realizada durante uma semana na Casa de Cultura Afro Serra. Em 2020, devido a pandemia o festival foi realizado on line, durante 31 dias. O ano de 2021 repetiu o sucesso do ano anterior e, da mesma forma foram 31 dias de atividades, ainda on line. <\/p>\n\n\n\n<p>Somando todas as edi\u00e7\u00f5es, a organiza\u00e7\u00e3o contou com a colabora\u00e7\u00e3o de mais de 200 pessoas, que doaram seus saberes em prol da cultura afro brasileira em nossa cidade.<\/p>\n\n\n\n<p class=\"has-small-font-size\"><em>Realiza\u00e7\u00e3o e Produ\u00e7\u00e3o: Monica Valverde<\/em><\/p>\n\n\n\n<p class=\"has-small-font-size\"><em>Co-Produ\u00e7\u00e3o da 3\u00aa Semana do Capoeirista: J\u00falio C\u00e9sar de An\u00fancio da Silva &#8211; Mestrando Suspeit<\/em>o<\/p>\n","protected":false},"excerpt":{"rendered":"<p>O Dia Nacional do Samba em Petr\u00f3polis, faz parte da programa\u00e7\u00e3o do 4\u00ba Festival de<\/p>\n","protected":false},"author":2,"featured_media":41319,"comment_status":"open","ping_status":"open","sticky":true,"template":"","format":"standard","meta":{"footnotes":""},"categories":[12,21,264,18,19],"tags":[],"class_list":["post-41318","post","type-post","status-publish","format-standard","has-post-thumbnail","hentry","category-cidade","category-cultura","category-destaque","category-economia","category-educacao"],"_links":{"self":[{"href":"https:\/\/tvc16.com\/portal\/wp-json\/wp\/v2\/posts\/41318","targetHints":{"allow":["GET"]}}],"collection":[{"href":"https:\/\/tvc16.com\/portal\/wp-json\/wp\/v2\/posts"}],"about":[{"href":"https:\/\/tvc16.com\/portal\/wp-json\/wp\/v2\/types\/post"}],"author":[{"embeddable":true,"href":"https:\/\/tvc16.com\/portal\/wp-json\/wp\/v2\/users\/2"}],"replies":[{"embeddable":true,"href":"https:\/\/tvc16.com\/portal\/wp-json\/wp\/v2\/comments?post=41318"}],"version-history":[{"count":2,"href":"https:\/\/tvc16.com\/portal\/wp-json\/wp\/v2\/posts\/41318\/revisions"}],"predecessor-version":[{"id":41322,"href":"https:\/\/tvc16.com\/portal\/wp-json\/wp\/v2\/posts\/41318\/revisions\/41322"}],"wp:featuredmedia":[{"embeddable":true,"href":"https:\/\/tvc16.com\/portal\/wp-json\/wp\/v2\/media\/41319"}],"wp:attachment":[{"href":"https:\/\/tvc16.com\/portal\/wp-json\/wp\/v2\/media?parent=41318"}],"wp:term":[{"taxonomy":"category","embeddable":true,"href":"https:\/\/tvc16.com\/portal\/wp-json\/wp\/v2\/categories?post=41318"},{"taxonomy":"post_tag","embeddable":true,"href":"https:\/\/tvc16.com\/portal\/wp-json\/wp\/v2\/tags?post=41318"}],"curies":[{"name":"wp","href":"https:\/\/api.w.org\/{rel}","templated":true}]}}