{"id":41323,"date":"2022-08-07T12:00:00","date_gmt":"2022-08-07T15:00:00","guid":{"rendered":"https:\/\/tvc16.com\/portal\/?p=41323"},"modified":"2022-08-05T22:42:49","modified_gmt":"2022-08-06T01:42:49","slug":"conjunto-da-uff-se-apresenta-neste-domingo-no-musica-na-matriz","status":"publish","type":"post","link":"https:\/\/tvc16.com\/portal\/2022\/08\/07\/conjunto-da-uff-se-apresenta-neste-domingo-no-musica-na-matriz\/","title":{"rendered":"Conjunto da UFF se apresenta neste Domingo, no M\u00fasica na Matriz"},"content":{"rendered":"\n<p>Hoje, o p\u00fablico ter\u00e1 a oportunidade de ouvir e se encantar com o concerto do Conjunto M\u00fasica Antiga da UFF (Universidade Federal Fluminense), atra\u00e7\u00e3o da edi\u00e7\u00e3o mensal do projeto \u2018M\u00fasica Na Matriz\u2019, \u00e0s 15h, na Igreja Matriz de Santa Teresa, na V\u00e1rzea. No programa, modinhas e lundus que animavam os sal\u00f5es de palacetes e casas das principais cidades brasileiras, desde o per\u00edodo colonial de fins do s\u00e9culo XVIII at\u00e9 o per\u00edodo imperial, com Dom Pedro I e Dom Pedro II.<\/p>\n\n\n\n<p>S\u00e3o obras de compositores e poetas como Marcos Portugal, Tom\u00e1s Ant\u00f4nio Gonzaga, o baiano Xisto Bahia, compositor da primeira pe\u00e7a gravada no Brasil, o lundu \u201cIsto \u00e9 bom\u201d, e algumas das li\u00e7\u00f5es de solfejo e divertimentos harm\u00f4nicos do pernambucano Lu\u00eds Alvares Pinto. O programa apresenta ainda obras de Carlos Gomes e modinhas coletadas por M\u00e1rio de Andrade que aconselhava: \u201ca modinha deve ser cantada com um sorriso nos l\u00e1bios e uma l\u00e1grima nos olhos\u201d.<\/p>\n\n\n\n<p>Criado em 1994 pela Secretaria de Cultura de Teres\u00f3polis para valorizar e difundir a m\u00fasica erudita e popular, o projeto \u2018M\u00fasica na Matriz\u2019 facilita o acesso do p\u00fablico a concertos de qualidade, com apresenta\u00e7\u00f5es sempre no primeiro domingo do m\u00eas, na Igreja Matriz de Santa Teresa.<\/p>\n\n\n\n<p>O M\u00fasica Antiga da UFF se iniciou com a cria\u00e7\u00e3o de um conjunto de flauta doce em junho de 1982 no Cine Arte UFF, em Niter\u00f3i. Ganhou notoriedade e foi oficializado em 1984, como Conjunto M\u00fasica Antiga da UFF. Desde ent\u00e3o, expandiu seu repert\u00f3rio com a aquisi\u00e7\u00e3o de r\u00e9plicas de instrumentos da \u00e9poca, como ala\u00fade, viola da gamba e krummhorn, entre outros. Ao longo da exist\u00eancia, seus integrantes se aperfei\u00e7oaram no Brasil, Europa e Estados Unidos, tornando-se mestres e doutores na pr\u00e1tica da Performance Historicamente Informada.<\/p>\n\n\n\n<p>Nesses 39 anos de atividades, o grupo realizou concertos por praticamente todas as capitais brasileiras, se apresentou na Europa, gravou nove discos, fez um document\u00e1rio em longa-metragem, al\u00e9m de seus integrantes ministrarem cursos, palestras e workshops. A partir de a\u00e7\u00f5es do grupo, o Centro de Artes da UFF produziu festivais tem\u00e1ticos como Mostra de M\u00fasica Antiga de Niter\u00f3i (1985), M\u00fasica Antiga no Pa\u00e7o Imperial (1987), I e II Encontro de M\u00fasica Antiga da UFF (1990 e 1991), Encontro UFF de Violas da Gamba (1993), Festival UFF de M\u00fasica Antiga (2016) e Encontro Brasileiro de Violas da Gamba (2019), entre outros.<\/p>\n\n\n\n<p><strong>\u2022 M\u00fasica na Matriz apresenta Conjunto M\u00fasica Antiga da UFF<\/strong><\/p>\n\n\n\n<p>Domingo, 7 de agosto<\/p>\n\n\n\n<p>15h<\/p>\n\n\n\n<p>Igreja Matriz de Santa Teresa, na V\u00e1rzea<\/p>\n\n\n\n<p>Entrada franca.<\/p>\n\n\n\n<p class=\"has-small-font-size\"><strong><em>Ascom Prefeitura de Teres\u00f3polis &#8211; <\/em><\/strong><em><strong>Foto: Divulga\u00e7\u00e3o.<\/strong><\/em><\/p>\n","protected":false},"excerpt":{"rendered":"<p>Hoje, o p\u00fablico ter\u00e1 a oportunidade de ouvir e se encantar com o concerto do<\/p>\n","protected":false},"author":2,"featured_media":41324,"comment_status":"open","ping_status":"open","sticky":false,"template":"","format":"standard","meta":{"footnotes":""},"categories":[21,17],"tags":[],"class_list":["post-41323","post","type-post","status-publish","format-standard","has-post-thumbnail","hentry","category-cultura","category-outras-noticias"],"_links":{"self":[{"href":"https:\/\/tvc16.com\/portal\/wp-json\/wp\/v2\/posts\/41323","targetHints":{"allow":["GET"]}}],"collection":[{"href":"https:\/\/tvc16.com\/portal\/wp-json\/wp\/v2\/posts"}],"about":[{"href":"https:\/\/tvc16.com\/portal\/wp-json\/wp\/v2\/types\/post"}],"author":[{"embeddable":true,"href":"https:\/\/tvc16.com\/portal\/wp-json\/wp\/v2\/users\/2"}],"replies":[{"embeddable":true,"href":"https:\/\/tvc16.com\/portal\/wp-json\/wp\/v2\/comments?post=41323"}],"version-history":[{"count":1,"href":"https:\/\/tvc16.com\/portal\/wp-json\/wp\/v2\/posts\/41323\/revisions"}],"predecessor-version":[{"id":41325,"href":"https:\/\/tvc16.com\/portal\/wp-json\/wp\/v2\/posts\/41323\/revisions\/41325"}],"wp:featuredmedia":[{"embeddable":true,"href":"https:\/\/tvc16.com\/portal\/wp-json\/wp\/v2\/media\/41324"}],"wp:attachment":[{"href":"https:\/\/tvc16.com\/portal\/wp-json\/wp\/v2\/media?parent=41323"}],"wp:term":[{"taxonomy":"category","embeddable":true,"href":"https:\/\/tvc16.com\/portal\/wp-json\/wp\/v2\/categories?post=41323"},{"taxonomy":"post_tag","embeddable":true,"href":"https:\/\/tvc16.com\/portal\/wp-json\/wp\/v2\/tags?post=41323"}],"curies":[{"name":"wp","href":"https:\/\/api.w.org\/{rel}","templated":true}]}}