{"id":41329,"date":"2022-08-07T11:16:00","date_gmt":"2022-08-07T14:16:00","guid":{"rendered":"https:\/\/tvc16.com\/portal\/?p=41329"},"modified":"2022-08-05T23:22:23","modified_gmt":"2022-08-06T02:22:23","slug":"saiba-quais-localidades-terao-suspensao-no-abastecimento-de-agua-em-petropolis","status":"publish","type":"post","link":"https:\/\/tvc16.com\/portal\/2022\/08\/07\/saiba-quais-localidades-terao-suspensao-no-abastecimento-de-agua-em-petropolis\/","title":{"rendered":"Saiba quais localidades ter\u00e3o suspens\u00e3o no abastecimento de \u00e1gua em Petr\u00f3polis"},"content":{"rendered":"\n<p>\u00c1guas do Imperador informa que nesta segunda-feira, das 10h \u00e0s 14h, o abastecimento ser\u00e1 suspenso nas ruas Oswaldo Perlingeiro, Manoel Oliveira Pinto, Vereador Ademir Dias Melo e No\u00eamia Alves Rattes. No dia 9 de agosto (ter\u00e7a-feira), das 10h \u00e0s 14h, ser\u00e1 suspenso na Estrada do Juru\u00e1 e Estrada do Xingu, nas ruas Jos\u00e9 Paulino Neves, L\u00eddia Gon\u00e7alves da Silva, Hidelbrando Teixeira da Costa, Hon\u00f3rio de Freitas, Paulo Jos\u00e9 de Ara\u00fajo Martins e na Comunidade Nossa Senhora de F\u00e1tima, na Posse. As interven\u00e7\u00f5es t\u00eam o objetivo de interligar as v\u00e1lvulas redutoras de press\u00e3o (VRP), anteriormente instaladas.<\/p>\n\n\n\n<p>A concession\u00e1ria recomenda que, na v\u00e9spera das interven\u00e7\u00f5es, os moradores mantenham os reservat\u00f3rios cheios para evitar o desabastecimento. A previs\u00e3o \u00e9 de que o abastecimento nesses bairros seja normalizado gradativamente, at\u00e9 a noite, ap\u00f3s o t\u00e9rmino do servi\u00e7o.<\/p>\n\n\n\n<p>Em caso de d\u00favida, entre em contato por um de nossos canais de relacionamento: WhatsApp (21) 97211-8064, site www.aguasdoimperador.com.br, aplicativo Cliente \u00c1guas, Chat Interativo (dispon\u00edvel no site e no aplicativo), ou pelo 0800 742 0422 (liga\u00e7\u00f5es gratuitas de telefones fixos, celulares e longa dist\u00e2ncia). Facebook: \u00c1guas do Imperador.<\/p>\n","protected":false},"excerpt":{"rendered":"<p>\u00c1guas do Imperador informa que nesta segunda-feira, das 10h \u00e0s 14h, o abastecimento ser\u00e1 suspenso<\/p>\n","protected":false},"author":2,"featured_media":41330,"comment_status":"open","ping_status":"open","sticky":true,"template":"","format":"standard","meta":{"footnotes":""},"categories":[12,18,13],"tags":[],"class_list":["post-41329","post","type-post","status-publish","format-standard","has-post-thumbnail","hentry","category-cidade","category-economia","category-saude"],"_links":{"self":[{"href":"https:\/\/tvc16.com\/portal\/wp-json\/wp\/v2\/posts\/41329","targetHints":{"allow":["GET"]}}],"collection":[{"href":"https:\/\/tvc16.com\/portal\/wp-json\/wp\/v2\/posts"}],"about":[{"href":"https:\/\/tvc16.com\/portal\/wp-json\/wp\/v2\/types\/post"}],"author":[{"embeddable":true,"href":"https:\/\/tvc16.com\/portal\/wp-json\/wp\/v2\/users\/2"}],"replies":[{"embeddable":true,"href":"https:\/\/tvc16.com\/portal\/wp-json\/wp\/v2\/comments?post=41329"}],"version-history":[{"count":1,"href":"https:\/\/tvc16.com\/portal\/wp-json\/wp\/v2\/posts\/41329\/revisions"}],"predecessor-version":[{"id":41331,"href":"https:\/\/tvc16.com\/portal\/wp-json\/wp\/v2\/posts\/41329\/revisions\/41331"}],"wp:featuredmedia":[{"embeddable":true,"href":"https:\/\/tvc16.com\/portal\/wp-json\/wp\/v2\/media\/41330"}],"wp:attachment":[{"href":"https:\/\/tvc16.com\/portal\/wp-json\/wp\/v2\/media?parent=41329"}],"wp:term":[{"taxonomy":"category","embeddable":true,"href":"https:\/\/tvc16.com\/portal\/wp-json\/wp\/v2\/categories?post=41329"},{"taxonomy":"post_tag","embeddable":true,"href":"https:\/\/tvc16.com\/portal\/wp-json\/wp\/v2\/tags?post=41329"}],"curies":[{"name":"wp","href":"https:\/\/api.w.org\/{rel}","templated":true}]}}