{"id":41332,"date":"2022-08-07T13:23:00","date_gmt":"2022-08-07T16:23:00","guid":{"rendered":"https:\/\/tvc16.com\/portal\/?p=41332"},"modified":"2022-08-05T23:33:30","modified_gmt":"2022-08-06T02:33:30","slug":"bailarino-premiado-em-joinville-participa-hoje-do-espetaculo-do-estudio-dna-em-petropolis","status":"publish","type":"post","link":"https:\/\/tvc16.com\/portal\/2022\/08\/07\/bailarino-premiado-em-joinville-participa-hoje-do-espetaculo-do-estudio-dna-em-petropolis\/","title":{"rendered":"Bailarino premiado em Joinville participa hoje do espet\u00e1culo do Est\u00fadio DN&#8217;A em Petr\u00f3polis"},"content":{"rendered":"\n<p>O bailarino Marcos Monteiro, da Petite Danse &#8211; uma das mais renomadas escolas de dan\u00e7a do Rio de Janeiro -, premiado mais de uma vez este ano no Festival de Dan\u00e7a de Joinville, maior evento de dan\u00e7a do mundo, estar\u00e1 em Petr\u00f3polis hoje, participando do espet\u00e1culo do Est\u00fadio DN\u2019A, marcado para 18h, no Teatro Santa Cec\u00edlia. <\/p>\n\n\n\n<figure class=\"wp-block-image size-large\"><img loading=\"lazy\" decoding=\"async\" width=\"768\" height=\"1024\" src=\"https:\/\/tvc16.com\/portal\/wp-content\/uploads\/2022\/08\/WhatsApp-Image-2022-08-04-at-12.03.17-768x1024.jpeg\" alt=\"\" class=\"wp-image-41334\" srcset=\"https:\/\/tvc16.com\/portal\/wp-content\/uploads\/2022\/08\/WhatsApp-Image-2022-08-04-at-12.03.17-768x1024.jpeg 768w, https:\/\/tvc16.com\/portal\/wp-content\/uploads\/2022\/08\/WhatsApp-Image-2022-08-04-at-12.03.17-225x300.jpeg 225w, https:\/\/tvc16.com\/portal\/wp-content\/uploads\/2022\/08\/WhatsApp-Image-2022-08-04-at-12.03.17.jpeg 882w\" sizes=\"auto, (max-width: 768px) 100vw, 768px\" \/><\/figure>\n\n\n\n<p>Depois de dois anos de intervalo, o Gala volta a ocupar os palcos com coreografias premiadas e artistas reconhecidos nacional e internacionalmente, celebrando tamb\u00e9m os 12 anos da escola petropolitana.<br>\u00a0<\/p>\n\n\n\n<figure class=\"wp-block-image size-large\"><img loading=\"lazy\" decoding=\"async\" width=\"768\" height=\"1024\" src=\"https:\/\/tvc16.com\/portal\/wp-content\/uploads\/2022\/08\/WhatsApp-Image-2022-08-04-at-12.03.16-768x1024.jpeg\" alt=\"\" class=\"wp-image-41335\" srcset=\"https:\/\/tvc16.com\/portal\/wp-content\/uploads\/2022\/08\/WhatsApp-Image-2022-08-04-at-12.03.16-768x1023.jpeg 768w, https:\/\/tvc16.com\/portal\/wp-content\/uploads\/2022\/08\/WhatsApp-Image-2022-08-04-at-12.03.16-225x300.jpeg 225w, https:\/\/tvc16.com\/portal\/wp-content\/uploads\/2022\/08\/WhatsApp-Image-2022-08-04-at-12.03.16.jpeg 1007w\" sizes=\"auto, (max-width: 768px) 100vw, 768px\" \/><\/figure>\n\n\n\n<p><br>Al\u00e9m de ter conquistado o 1\u00ba lugar na categoria Grand Pas de Deux S\u00eanior em Joinville ao lado da bailarina Luciana Sagioro com a coreografia \u201cHarlequinade\u201d, que apresentar\u00e1 em vers\u00e3o solo no domingo, Marcos Monteiro tamb\u00e9m chegou a ser indicado como melhor bailarino da 39\u00aa edi\u00e7\u00e3o do festival. No Gala do Est\u00fadio DN\u2019A, a Petite Danse tamb\u00e9m apresentar\u00e1 coreografias solo, pas de deux e grupo de ballet cl\u00e1ssico e neocl\u00e1ssico, incluindo o duo \u201cApart\u201d, que conquistou o 3\u00ba lugar na categoria Ballet Neocl\u00e1ssico S\u00eanior em Joinville, e o Pas de Deux \u201cFlower Festival\u201d, que tamb\u00e9m ficou em 3\u00ba lugar, s\u00f3 que na categoria Ballet Cl\u00e1ssico Pas de Deux. A programa\u00e7\u00e3o traz ainda o espet\u00e1culo \u201cOceanos\u201d, da Cia. Dan\u00e7ar a Vida, projeto social da Petite Danse, que retrata as quest\u00f5es ambientais atrav\u00e9s da dan\u00e7a, promovendo reflex\u00f5es sobre a rela\u00e7\u00e3o da humanidade com um mundo mais sustent\u00e1vel.<br>\u00a0<br>O primeiro espet\u00e1culo Gala do Est\u00fadio DN\u2019A aconteceu em 2016, em comemora\u00e7\u00e3o ao anivers\u00e1rio de seis anos da escola de dan\u00e7a petropolitana. A proposta, desde ent\u00e3o, \u00e9 fugir do tradicional espet\u00e1culo de encerramento e rechear a noite com performances de artistas que j\u00e1 atuam profissionalmente. As edi\u00e7\u00f5es anteriores contaram com a participa\u00e7\u00e3o de bailarinos como Diego Lima (Ballet da \u00d3pera de Bordeaux), Hiago Castro (S\u00e3o Paulo Cia de Dan\u00e7a), Larissa Lins (Ballet Nacional Sodre \u2013 Compa\u00f1ia Nacional de Danza del Uruguai), Carolina Machado (Teatro Marinsky \u2013 S\u00e3o Petersburgo \u2013 Russia), Bebel Lino (Royal Ballet School), e B\u00e1rbara Varady (Ballet do Theatro Municipal do Rio de Janeiro), entre outros.<\/p>\n\n\n\n<p>Outra novidade em 2022 \u00e9 a parceria com o projeto social Paz no Prato, que visa conscientizar sobre a import\u00e2ncia da alimenta\u00e7\u00e3o 100% vegetal em todas as classes sociais. Os ingressos, que custam R$50, podem ser adquiridos pelo valor solid\u00e1rio de R$25 a partir de uma doa\u00e7\u00e3o de alimento.<br>\u00a0<br>Servi\u00e7o: Gala &#8211; Est\u00fadio DN\u2019A<br>Domingo, 07 de agosto \u00e0s 18h<br>Local: Teatro Santa Cec\u00edlia<br>ingressos: R$50 (inteira) ou R$25 (solid\u00e1rio)<\/p>\n","protected":false},"excerpt":{"rendered":"<p>O bailarino Marcos Monteiro, da Petite Danse &#8211; uma das mais renomadas escolas de dan\u00e7a<\/p>\n","protected":false},"author":2,"featured_media":41333,"comment_status":"open","ping_status":"open","sticky":false,"template":"","format":"standard","meta":{"footnotes":""},"categories":[12,21,264],"tags":[],"class_list":["post-41332","post","type-post","status-publish","format-standard","has-post-thumbnail","hentry","category-cidade","category-cultura","category-destaque"],"_links":{"self":[{"href":"https:\/\/tvc16.com\/portal\/wp-json\/wp\/v2\/posts\/41332","targetHints":{"allow":["GET"]}}],"collection":[{"href":"https:\/\/tvc16.com\/portal\/wp-json\/wp\/v2\/posts"}],"about":[{"href":"https:\/\/tvc16.com\/portal\/wp-json\/wp\/v2\/types\/post"}],"author":[{"embeddable":true,"href":"https:\/\/tvc16.com\/portal\/wp-json\/wp\/v2\/users\/2"}],"replies":[{"embeddable":true,"href":"https:\/\/tvc16.com\/portal\/wp-json\/wp\/v2\/comments?post=41332"}],"version-history":[{"count":1,"href":"https:\/\/tvc16.com\/portal\/wp-json\/wp\/v2\/posts\/41332\/revisions"}],"predecessor-version":[{"id":41336,"href":"https:\/\/tvc16.com\/portal\/wp-json\/wp\/v2\/posts\/41332\/revisions\/41336"}],"wp:featuredmedia":[{"embeddable":true,"href":"https:\/\/tvc16.com\/portal\/wp-json\/wp\/v2\/media\/41333"}],"wp:attachment":[{"href":"https:\/\/tvc16.com\/portal\/wp-json\/wp\/v2\/media?parent=41332"}],"wp:term":[{"taxonomy":"category","embeddable":true,"href":"https:\/\/tvc16.com\/portal\/wp-json\/wp\/v2\/categories?post=41332"},{"taxonomy":"post_tag","embeddable":true,"href":"https:\/\/tvc16.com\/portal\/wp-json\/wp\/v2\/tags?post=41332"}],"curies":[{"name":"wp","href":"https:\/\/api.w.org\/{rel}","templated":true}]}}