{"id":41337,"date":"2022-08-06T08:45:00","date_gmt":"2022-08-06T11:45:00","guid":{"rendered":"https:\/\/tvc16.com\/portal\/?p=41337"},"modified":"2022-08-05T23:48:59","modified_gmt":"2022-08-06T02:48:59","slug":"vacinacao-antirrabica-hoje-em-petropolis","status":"publish","type":"post","link":"https:\/\/tvc16.com\/portal\/2022\/08\/06\/vacinacao-antirrabica-hoje-em-petropolis\/","title":{"rendered":"Vacina\u00e7\u00e3o Antirr\u00e1bica hoje em Petr\u00f3polis"},"content":{"rendered":"\n<p><em><strong>Saiba onde e a que horas<\/strong><\/em><\/p>\n\n\n\n<p>Acontece hoje mais uma etapa da Campanha de Vacina\u00e7\u00e3o Antirr\u00e1bica Animal em mais cinco bairros de Petr\u00f3polis. Ser\u00e3o atendidas as comunidades do Vale das Videiras, Araras, Moinho Preto, Vale do Carangola e Fazenda Inglesa. Ser\u00e3o 15 postos de imuniza\u00e7\u00e3o .<\/p>\n\n\n\n<p>A a\u00e7\u00e3o ser\u00e1 desenvolvida pela Prefeitura, por meio da Coordenadoria de Vigil\u00e2ncia Ambiental da Secretaria de Sa\u00fade. \u201cNas duas a\u00e7\u00f5es anteriores conseguimos levar a vacina\u00e7\u00e3o para 4.826 c\u00e3es e gatos. A primeira etapa aconteceu na Posse, enquanto a segunda, realizada em julho, estivemos em comunidades entre Itaipava e Pedro do Rio. Dividindo a a\u00e7\u00e3o em etapas fica mais f\u00e1cil atingir toda a cidade e garantir o acesso de todos\u201d, disse o secret\u00e1rio de Sa\u00fade, Marcus Curvelo.<\/p>\n\n\n\n<p>A quarta etapa da Campanha de Vacina\u00e7\u00e3o Antirr\u00e1bica Animal est\u00e1 prevista para o pr\u00f3ximo dia 3 de setembro, abrangendo as regi\u00f5es do Quitandinha, Mosela e Bingen.<\/p>\n\n\n\n<p>Confira locais e hor\u00e1rios da Campanha de vacina\u00e7\u00e3o Antirr\u00e1bica Animal deste s\u00e1bado (06)<\/p>\n\n\n\n<p>\u2022 Vale das Videiras<br>Coreto do Vale das Videiras (RJ 117, s\/n\u00ba) \u2013 9h30 \u00e0s 14h<\/p>\n\n\n\n<p>\u2022 Araras<br>Associa\u00e7\u00e3o de Moradores do Malta (Estr. Bernardo Coutinho,9435) \u2013 9h \u00e0s 17h<br>Igreja Nossa Senhora Aparecida (Rua Agnero Barreiro, s\/n) \u2013 9h \u00e0s 12h<br>Ao lado Associa\u00e7\u00e3o de Moradores Santa Luzia (Rua Martins Silva Moura, 335) \u2013 13h \u00e0s 17h<br>Col\u00e9gio Anglicano (Estr. Bernardo Coutinho, 1642) \u2013 9h \u00e0s 17h<br>Po\u00e7o dos Peixes (Estr. Bernardo Coutinho, pr\u00f3ximo ao 520) \u2013 14 \u00e0s 17h<\/p>\n\n\n\n<p>\u2022 Vale do Carangola<br>PSF Vale do Carangola (Estrada Sert\u00e3o do Carangola, s\/n\u00ba) \u2013 9h \u00e0s 13h<\/p>\n\n\n\n<p>\u2022 Fazenda Inglesa<br>PSF Fazenda Inglesa (Estr. da Fazenda Inglesa, s\/n) \u2013 9 \u00e0s 13:30h<br>Pra\u00e7a da Locanda (Pr\u00f3x ao Bras\u00e3o) &#8211; 14 \u00e0s 15:30h<br>Comunidade do Gavi\u00e3o (Bar da Cec\u00edlia) 15:30 as 16h<br>Comunidade do Gavi\u00e3o (Rua dos eucaliptos, pr\u00f3x. Ao 1300 \u2013 Casa da Cida) \u2013 16 \u00e0s 17h<br>Associa\u00e7\u00e3o de Moradores do Alto da Derrubada (Estr. da Fazenda Inglesa, pr\u00f3x. ao 3251) \u2013 9 \u00e0s 12:30h<\/p>\n\n\n\n<p>\u2022 Moinho Preto<br>PSF Moinho Preto (Rua Jo\u00e3o Xavier, 2109) &#8211; 12 \u00e0s 17h<br>Comunidade Vit\u00f3ria (Ponto final do \u00f4nibus) \u2013 9 \u00e0s 11:30h<br>Comunidade S\u00e3o Francisco de Assis (Estr. da Fazenda Inglesa, 2.568) \u2013 13:30 \u00e0s 17h<\/p>\n","protected":false},"excerpt":{"rendered":"<p>Saiba onde e a que horas Acontece hoje mais uma etapa da Campanha de Vacina\u00e7\u00e3o<\/p>\n","protected":false},"author":2,"featured_media":41338,"comment_status":"open","ping_status":"open","sticky":true,"template":"","format":"standard","meta":{"footnotes":""},"categories":[12,264,13],"tags":[],"class_list":["post-41337","post","type-post","status-publish","format-standard","has-post-thumbnail","hentry","category-cidade","category-destaque","category-saude"],"_links":{"self":[{"href":"https:\/\/tvc16.com\/portal\/wp-json\/wp\/v2\/posts\/41337","targetHints":{"allow":["GET"]}}],"collection":[{"href":"https:\/\/tvc16.com\/portal\/wp-json\/wp\/v2\/posts"}],"about":[{"href":"https:\/\/tvc16.com\/portal\/wp-json\/wp\/v2\/types\/post"}],"author":[{"embeddable":true,"href":"https:\/\/tvc16.com\/portal\/wp-json\/wp\/v2\/users\/2"}],"replies":[{"embeddable":true,"href":"https:\/\/tvc16.com\/portal\/wp-json\/wp\/v2\/comments?post=41337"}],"version-history":[{"count":1,"href":"https:\/\/tvc16.com\/portal\/wp-json\/wp\/v2\/posts\/41337\/revisions"}],"predecessor-version":[{"id":41339,"href":"https:\/\/tvc16.com\/portal\/wp-json\/wp\/v2\/posts\/41337\/revisions\/41339"}],"wp:featuredmedia":[{"embeddable":true,"href":"https:\/\/tvc16.com\/portal\/wp-json\/wp\/v2\/media\/41338"}],"wp:attachment":[{"href":"https:\/\/tvc16.com\/portal\/wp-json\/wp\/v2\/media?parent=41337"}],"wp:term":[{"taxonomy":"category","embeddable":true,"href":"https:\/\/tvc16.com\/portal\/wp-json\/wp\/v2\/categories?post=41337"},{"taxonomy":"post_tag","embeddable":true,"href":"https:\/\/tvc16.com\/portal\/wp-json\/wp\/v2\/tags?post=41337"}],"curies":[{"name":"wp","href":"https:\/\/api.w.org\/{rel}","templated":true}]}}