{"id":4134,"date":"2020-10-27T22:50:52","date_gmt":"2020-10-27T22:50:52","guid":{"rendered":"https:\/\/tvc16.com\/portal\/?p=4134"},"modified":"2020-10-27T22:50:52","modified_gmt":"2020-10-27T22:50:52","slug":"abl-lanca-projeto-sobre-curiosidades-da-lingua-portuguesa","status":"publish","type":"post","link":"https:\/\/tvc16.com\/portal\/2020\/10\/27\/abl-lanca-projeto-sobre-curiosidades-da-lingua-portuguesa\/","title":{"rendered":"ABL lan\u00e7a projeto sobre curiosidades da l\u00edngua portuguesa"},"content":{"rendered":"\n<h3 class=\"wp-block-heading\">Objetivo \u00e9 trazer \u00e0 tona um pouco da hist\u00f3ria de novas palavras<\/h3>\n\n\n\n<h4 class=\"wp-block-heading\">Por Alana Gandra &#8211; Rep\u00f3rter da Ag\u00eancia Brasil &#8211; Rio de Janeiro<\/h4>\n\n\n\n<p>A Academia Brasileira de Letras (ABL) lan\u00e7ou nesta segunda-feira (26), em seu portal, o projeto Novas Palavras, que oferece ao p\u00fablico curiosidades sobre palavras e termos da l\u00edngua portuguesa, revelando seus significados, deriva\u00e7\u00f5es e categorias gramaticais.<img decoding=\"async\" src=\"https:\/\/agenciabrasil.ebc.com.br\/ebc.png?id=1391548&amp;o=node\"><img decoding=\"async\" src=\"https:\/\/agenciabrasil.ebc.com.br\/ebc.gif?id=1391548&amp;o=node\"><\/p>\n\n\n\n<p>\u201cO projeto consiste no aprofundamento do que vem sendo produzido pelo setor de lexicografia e lexicologia, o cuidado com as palavras, e na divulga\u00e7\u00e3o do trabalho\u201d, disse \u00e0&nbsp;<strong>Ag\u00eancia Brasil&nbsp;<\/strong>o presidente da ABL, Marco Lucchesi. Segundo o professor, a academia tem um setor importante, dirigido pelo acad\u00eamico Evanildo Bechara, que tem entre suas atribui\u00e7\u00f5es o arcabou\u00e7o ortogr\u00e1fico da l\u00edngua portuguesa, com base nas instru\u00e7\u00f5es de Bechara a um corpo seleto de fil\u00f3logos.<\/p>\n\n\n\n<p>Lucchesi informou que agora a ABL teve a ideia de dar maior visibilidade a essas novas palavras por meio de seu<em>\u00a0site<\/em>, que se tornou, com a pandemia do novo coronav\u00edrus, \u201cuma grande janela de sociabilidade e de comunica\u00e7\u00e3o, enquanto n\u00e3o se encontram meios de conter e mitigar a pandemia\u201d.<\/p>\n\n\n\n<figure class=\"wp-block-image size-large\"><img loading=\"lazy\" decoding=\"async\" width=\"500\" height=\"302\" src=\"https:\/\/tvc16.com\/portal\/wp-content\/uploads\/2020\/10\/palavras.jpg\" alt=\"\" class=\"wp-image-4136\" srcset=\"https:\/\/tvc16.com\/portal\/wp-content\/uploads\/2020\/10\/palavras.jpg 500w, https:\/\/tvc16.com\/portal\/wp-content\/uploads\/2020\/10\/palavras-300x181.jpg 300w\" sizes=\"auto, (max-width: 500px) 100vw, 500px\" \/><\/figure>\n\n\n\n<h2 class=\"wp-block-heading\">Antena sens\u00edvel<\/h2>\n\n\n\n<p>Palavras como covid, que n\u00e3o faziam parte do vocabul\u00e1rio do brasileiro antes da pandemia, estar\u00e3o explicadas no projeto. De acordo com Lucchesi, o que se pretende \u00e9 manter uma esp\u00e9cie de antena sens\u00edvel, que capte alguma relev\u00e2ncia espec\u00edfica, porque s\u00e3o palavras novas que, n\u00e3o necessariamente, foram criadas do nada e estavam ou pertenciam a alguma fam\u00edlia, situa\u00e7\u00e3o ou franja sem\u00e2ntica.<\/p>\n\n\n\n<p>\u201cA academia vai trazer \u00e0 tona um pouco da hist\u00f3ria dessas palavras e dar um determinado contorno e precis\u00e3o para os meios de comunica\u00e7\u00e3o, as escolas que se interessem, sobre a melhor forma de se pronunciar aquela palavra e significa\u00e7\u00e3o de que a palavra \u00e9 portadora\u201d, afirmou Lucchesi.<\/p>\n\n\n\n<p>Ele disse que isso se aplica tamb\u00e9m a palavras que ganharam um novo sentido e lembrou que a vida das palavras \u00e9 marcada por um sentimento de tempo, que \u00e9 a diacronia, e um sentimento de perman\u00eancia, que \u00e9 a sincronia. \u201cMas, na verdade, tudo tem o seu movimento. \u00c0s vezes, pequenas diferen\u00e7as que est\u00e3o em franjas sem\u00e2nticas ou neologismos, a academia colocar\u00e1 um pouco essa hist\u00f3ria no<em>&nbsp;site<\/em>.<\/p>\n\n\n\n<p>A institui\u00e7\u00e3o j\u00e1 tem o servi\u00e7o ABL Responde, que tira d\u00favidas sobre express\u00f5es e quest\u00f5es ortogr\u00e1ficas, de modo geral. No momento, a Comiss\u00e3o de Lexicografia e Lexicologia est\u00e1 elaborando o Dicion\u00e1rio Machado de Assis, que dever\u00e1 ficar pronto em um ano. \u201cA academia est\u00e1 empenhada em cuidar do que os seus estatutos dizem, que \u00e9 o cultivo da l\u00edngua e da literatura nacionais\u201d, concluiu Lucchesi.<\/p>\n\n\n\n<h2 class=\"wp-block-heading\">Acesso<\/h2>\n\n\n\n<p>O projeto poder\u00e1 ser acessado por meio de um<em>&nbsp;link<\/em>&nbsp;pr\u00f3prio, que ser\u00e1 definido e alimentado toda semana. Os termos escolhidos s\u00e3o palavras ou express\u00f5es que passaram a ter uso corrente na l\u00edngua portuguesa.<\/p>\n\n\n\n<p>Segundo a&nbsp; assessoria de imprensa da ABL, na p\u00e1gina, ser\u00e1 poss\u00edvel encontrar informa\u00e7\u00f5es sobre a categoria gramatical da palavra, as palavras derivadas, defini\u00e7\u00e3o, abona\u00e7\u00f5es, informa\u00e7\u00f5es complementares e refer\u00eancias bibliogr\u00e1ficas. O interessado poder\u00e1 ainda pesquisar sobre as palavras anteriores disponibilizadas no portal.<\/p>\n\n\n\n<p>Edi\u00e7\u00e3o: N\u00e1dia Franco<\/p>\n","protected":false},"excerpt":{"rendered":"<p>Objetivo \u00e9 trazer \u00e0 tona um pouco da hist\u00f3ria de novas palavras Por Alana Gandra<\/p>\n","protected":false},"author":2,"featured_media":4135,"comment_status":"open","ping_status":"open","sticky":false,"template":"","format":"standard","meta":{"footnotes":""},"categories":[19],"tags":[],"class_list":["post-4134","post","type-post","status-publish","format-standard","has-post-thumbnail","hentry","category-educacao"],"_links":{"self":[{"href":"https:\/\/tvc16.com\/portal\/wp-json\/wp\/v2\/posts\/4134","targetHints":{"allow":["GET"]}}],"collection":[{"href":"https:\/\/tvc16.com\/portal\/wp-json\/wp\/v2\/posts"}],"about":[{"href":"https:\/\/tvc16.com\/portal\/wp-json\/wp\/v2\/types\/post"}],"author":[{"embeddable":true,"href":"https:\/\/tvc16.com\/portal\/wp-json\/wp\/v2\/users\/2"}],"replies":[{"embeddable":true,"href":"https:\/\/tvc16.com\/portal\/wp-json\/wp\/v2\/comments?post=4134"}],"version-history":[{"count":1,"href":"https:\/\/tvc16.com\/portal\/wp-json\/wp\/v2\/posts\/4134\/revisions"}],"predecessor-version":[{"id":4137,"href":"https:\/\/tvc16.com\/portal\/wp-json\/wp\/v2\/posts\/4134\/revisions\/4137"}],"wp:featuredmedia":[{"embeddable":true,"href":"https:\/\/tvc16.com\/portal\/wp-json\/wp\/v2\/media\/4135"}],"wp:attachment":[{"href":"https:\/\/tvc16.com\/portal\/wp-json\/wp\/v2\/media?parent=4134"}],"wp:term":[{"taxonomy":"category","embeddable":true,"href":"https:\/\/tvc16.com\/portal\/wp-json\/wp\/v2\/categories?post=4134"},{"taxonomy":"post_tag","embeddable":true,"href":"https:\/\/tvc16.com\/portal\/wp-json\/wp\/v2\/tags?post=4134"}],"curies":[{"name":"wp","href":"https:\/\/api.w.org\/{rel}","templated":true}]}}