{"id":41340,"date":"2022-08-06T09:45:00","date_gmt":"2022-08-06T12:45:00","guid":{"rendered":"https:\/\/tvc16.com\/portal\/?p=41340"},"modified":"2022-08-05T23:54:37","modified_gmt":"2022-08-06T02:54:37","slug":"prefeito-e-secretarios-dos-municipios-que-compoem-o-cis-serra-se-reunem-em-petropolis","status":"publish","type":"post","link":"https:\/\/tvc16.com\/portal\/2022\/08\/06\/prefeito-e-secretarios-dos-municipios-que-compoem-o-cis-serra-se-reunem-em-petropolis\/","title":{"rendered":"Prefeito e Secret\u00e1rios dos munic\u00edpios que comp\u00f5em o CIS Serra se re\u00fanem em Petr\u00f3polis"},"content":{"rendered":"\n<p>Representantes dos munic\u00edpios que integram o Cons\u00f3rcio Intermunicipal de Sa\u00fade da Regi\u00e3o Serrana \u2013 CIS Serra, se reuniram na manh\u00e3 desta sexta-feira (05). Assuntos como projeto relacionado a resid\u00eancias terap\u00eauticas, exames de alto custo, entre outros temas foram debatidos no encontro, que aconteceu no Centro de Conven\u00e7\u00f5es da Granja Brasil.<\/p>\n\n\n\n<p>\u201cFoi um dia de muito trabalho e de dedica\u00e7\u00e3o dos representantes de cada um dos munic\u00edpios, que se empenham para garantir o fortalecimento das liga\u00e7\u00f5es intermunicipais. O CIS Serra \u00e9 uma ferramenta importante de gest\u00e3o que contribui na solu\u00e7\u00e3o dos problemas que existem e que, na realidade, pertencem a todos\u201d, disse o prefeito Rubens Bomtempo, destacando a import\u00e2ncia de cria\u00e7\u00e3o de cons\u00f3rcios para outros setores, como Educa\u00e7\u00e3o e Meio Ambiente.<\/p>\n\n\n\n<p>Al\u00e9m do prefeito Rubens Bomtempo, que preside o cons\u00f3rcio, marcaram presen\u00e7a os secret\u00e1rios de Sa\u00fade de Petr\u00f3polis, Marcus Curvelo; Bom Jardim, Wellington Pires; Cachoeiras de Macacu, Carlos Aguiar; Cordeiro, Marcos Delfraro; Nova Friburgo, Nicole Ribeiro Cipriano e de Teres\u00f3polis, Michele Guita.<\/p>\n\n\n\n<p>O secret\u00e1rio de Sa\u00fade, Marcus Curvelo, refor\u00e7ou que o CIS Serra \u00e9 um instrumento importante para organizar a sa\u00fade de toda a Regi\u00e3o Serrana. \u201cIsso porque, por meio desse v\u00ednculo que conseguimos consolidar, \u00e9 poss\u00edvel alcan\u00e7armos pol\u00edticas de sa\u00fade p\u00fablica cada vez mais robustas, n\u00e3o s\u00f3 para Petr\u00f3polis, mas para toda a regi\u00e3o\u201d, destacou.<\/p>\n\n\n\n<p>Durante o encontro, o coordenador do Servi\u00e7o de Atendimento M\u00f3vel de Urg\u00eancia \u2013 SAMU, Cl\u00e1udio Morgado, fez uma apresenta\u00e7\u00e3o dos servi\u00e7os prestados pela unidade que, al\u00e9m de Petr\u00f3polis, \u00e9 respons\u00e1vel pelo atendimento de outras sete cidades.<\/p>\n\n\n\n<p>O CIS-Serra foi criado em 2004 com o objetivo de fortalecer as a\u00e7\u00f5es de Sa\u00fade entre munic\u00edpios da Regi\u00e3o Serrana, como compra de insumos e presta\u00e7\u00e3o de servi\u00e7os comuns a todos os munic\u00edpios.<\/p>\n","protected":false},"excerpt":{"rendered":"<p>Representantes dos munic\u00edpios que integram o Cons\u00f3rcio Intermunicipal de Sa\u00fade da Regi\u00e3o Serrana \u2013 CIS<\/p>\n","protected":false},"author":2,"featured_media":41341,"comment_status":"open","ping_status":"open","sticky":false,"template":"","format":"standard","meta":{"footnotes":""},"categories":[12,264,15,13],"tags":[],"class_list":["post-41340","post","type-post","status-publish","format-standard","has-post-thumbnail","hentry","category-cidade","category-destaque","category-politica","category-saude"],"_links":{"self":[{"href":"https:\/\/tvc16.com\/portal\/wp-json\/wp\/v2\/posts\/41340","targetHints":{"allow":["GET"]}}],"collection":[{"href":"https:\/\/tvc16.com\/portal\/wp-json\/wp\/v2\/posts"}],"about":[{"href":"https:\/\/tvc16.com\/portal\/wp-json\/wp\/v2\/types\/post"}],"author":[{"embeddable":true,"href":"https:\/\/tvc16.com\/portal\/wp-json\/wp\/v2\/users\/2"}],"replies":[{"embeddable":true,"href":"https:\/\/tvc16.com\/portal\/wp-json\/wp\/v2\/comments?post=41340"}],"version-history":[{"count":1,"href":"https:\/\/tvc16.com\/portal\/wp-json\/wp\/v2\/posts\/41340\/revisions"}],"predecessor-version":[{"id":41342,"href":"https:\/\/tvc16.com\/portal\/wp-json\/wp\/v2\/posts\/41340\/revisions\/41342"}],"wp:featuredmedia":[{"embeddable":true,"href":"https:\/\/tvc16.com\/portal\/wp-json\/wp\/v2\/media\/41341"}],"wp:attachment":[{"href":"https:\/\/tvc16.com\/portal\/wp-json\/wp\/v2\/media?parent=41340"}],"wp:term":[{"taxonomy":"category","embeddable":true,"href":"https:\/\/tvc16.com\/portal\/wp-json\/wp\/v2\/categories?post=41340"},{"taxonomy":"post_tag","embeddable":true,"href":"https:\/\/tvc16.com\/portal\/wp-json\/wp\/v2\/tags?post=41340"}],"curies":[{"name":"wp","href":"https:\/\/api.w.org\/{rel}","templated":true}]}}