{"id":41343,"date":"2022-08-07T09:45:00","date_gmt":"2022-08-07T12:45:00","guid":{"rendered":"https:\/\/tvc16.com\/portal\/?p=41343"},"modified":"2022-08-05T23:59:16","modified_gmt":"2022-08-06T02:59:16","slug":"campanhas-de-vacinacao-contra-a-poliomielite-e-multivacinacao-para-atualizacao-de-caderneta-comecam-dia-8","status":"publish","type":"post","link":"https:\/\/tvc16.com\/portal\/2022\/08\/07\/campanhas-de-vacinacao-contra-a-poliomielite-e-multivacinacao-para-atualizacao-de-caderneta-comecam-dia-8\/","title":{"rendered":"Campanhas de Vacina\u00e7\u00e3o contra a Poliomielite e Multivacina\u00e7\u00e3o para atualiza\u00e7\u00e3o de caderneta come\u00e7am dia 8"},"content":{"rendered":"\n<p>Nesta segunda-feira (08) a Prefeitura, por meio da Secretaria de Sa\u00fade, dar\u00e1 inicio as Campanhas Nacionais de Vacina\u00e7\u00e3o contra a Poliomielite e para Atualiza\u00e7\u00e3o da Caderneta de Vacina\u00e7\u00e3o de menores de 15 anos. Doze salas de imuniza\u00e7\u00e3o da Prefeitura j\u00e1 est\u00e3o preparadas e abastecidas para atendimento de todo o p\u00fablico alvo.<\/p>\n\n\n\n<p>\u201cA poliomielite \u00e9 uma doen\u00e7a contagiosa que, inclusive, pode provocar paralisias permanentes e at\u00e9 levar a morte. \u00c9 fundamental que nossas crian\u00e7as estejam vacinadas e protegidas contra a doen\u00e7a. O sucesso dessas campanhas depende do engajamento de todos. Por isso \u00e9 importante que pais e respons\u00e1veis estejam conscientes e levem seus filhos a um dos postos de imuniza\u00e7\u00e3o\u201d, frisa o prefeito Rubens Bomtempo.<\/p>\n\n\n\n<p>Para a poliomielite, o p\u00fablico alvo s\u00e3o crian\u00e7as menores de cinco anos, a partir dos dois meses de vida, enquanto a multivacina\u00e7\u00e3o estar\u00e1 dispon\u00edvel para crian\u00e7as e adolescentes de 0 a 14 anos 11 meses e 29 dias com caderneta de vacina\u00e7\u00e3o incompleta. Duas datas est\u00e3o definidas para o \u201cDia D\u201d de ambas campanhas e acontecer\u00e3o em 20 de agosto e 3 de setembro.<\/p>\n\n\n\n<p>\u201c\u00c9 fundamental que nossas crian\u00e7as e adolescentes estejam com as vacinas de rotina em dia. Os imunizantes s\u00e3o seguros e eficazes. Somente com a ades\u00e3o da sociedade \u00e9 que poderemos ampliar, cada vez mais, a cobertura vacinal\u201d, disse o secret\u00e1rio de Sa\u00fade, Marcus Curvelo.<\/p>\n\n\n\n<p>Salas e hor\u00e1rios dispon\u00edveis:<\/p>\n\n\n\n<p>Centro de Sa\u00fade Itamarati \u2013 8h30 \u00e0s 19h<br>UBS Mosela 8h30 \u00e0s 19h<br>UBS Itaipava \u2013 8h30 \u00e0s 19h<\/p>\n\n\n\n<p>Demais unidades<br>Segunda a sexta-feira \u2013 de 8h30 \u00e0s 16h30<br>Centro de Sa\u00fade Coletiva<br>PSF Alto da Serra<br>PSF Alto Independ\u00eancia<br>UBS Morin<br>UBS Quitandinha<br>Ambulat\u00f3rio Escola<br>Hospital Alcides Carneiro<\/p>\n\n\n\n<p>Hor\u00e1rios especiais:<br>Segunda a sexta-feira das 8h \u00e0s 16h<br>PSF Posse e PSF Menino Jesus de Praga<\/p>\n","protected":false},"excerpt":{"rendered":"<p>Nesta segunda-feira (08) a Prefeitura, por meio da Secretaria de Sa\u00fade, dar\u00e1 inicio as Campanhas<\/p>\n","protected":false},"author":2,"featured_media":41344,"comment_status":"open","ping_status":"open","sticky":true,"template":"","format":"standard","meta":{"footnotes":""},"categories":[12,264,13],"tags":[],"class_list":["post-41343","post","type-post","status-publish","format-standard","has-post-thumbnail","hentry","category-cidade","category-destaque","category-saude"],"_links":{"self":[{"href":"https:\/\/tvc16.com\/portal\/wp-json\/wp\/v2\/posts\/41343","targetHints":{"allow":["GET"]}}],"collection":[{"href":"https:\/\/tvc16.com\/portal\/wp-json\/wp\/v2\/posts"}],"about":[{"href":"https:\/\/tvc16.com\/portal\/wp-json\/wp\/v2\/types\/post"}],"author":[{"embeddable":true,"href":"https:\/\/tvc16.com\/portal\/wp-json\/wp\/v2\/users\/2"}],"replies":[{"embeddable":true,"href":"https:\/\/tvc16.com\/portal\/wp-json\/wp\/v2\/comments?post=41343"}],"version-history":[{"count":1,"href":"https:\/\/tvc16.com\/portal\/wp-json\/wp\/v2\/posts\/41343\/revisions"}],"predecessor-version":[{"id":41345,"href":"https:\/\/tvc16.com\/portal\/wp-json\/wp\/v2\/posts\/41343\/revisions\/41345"}],"wp:featuredmedia":[{"embeddable":true,"href":"https:\/\/tvc16.com\/portal\/wp-json\/wp\/v2\/media\/41344"}],"wp:attachment":[{"href":"https:\/\/tvc16.com\/portal\/wp-json\/wp\/v2\/media?parent=41343"}],"wp:term":[{"taxonomy":"category","embeddable":true,"href":"https:\/\/tvc16.com\/portal\/wp-json\/wp\/v2\/categories?post=41343"},{"taxonomy":"post_tag","embeddable":true,"href":"https:\/\/tvc16.com\/portal\/wp-json\/wp\/v2\/tags?post=41343"}],"curies":[{"name":"wp","href":"https:\/\/api.w.org\/{rel}","templated":true}]}}