{"id":41349,"date":"2022-08-06T11:00:00","date_gmt":"2022-08-06T14:00:00","guid":{"rendered":"https:\/\/tvc16.com\/portal\/?p=41349"},"modified":"2022-08-06T00:25:38","modified_gmt":"2022-08-06T03:25:38","slug":"mprj-realiza-vistoria-tecnica-na-regiao-do-castelanea-em-petropolis","status":"publish","type":"post","link":"https:\/\/tvc16.com\/portal\/2022\/08\/06\/mprj-realiza-vistoria-tecnica-na-regiao-do-castelanea-em-petropolis\/","title":{"rendered":"MPRJ realiza vistoria t\u00e9cnica na regi\u00e3o do Castel\u00e2nea, em Petr\u00f3polis"},"content":{"rendered":"\n<p><strong><em>Raphaela Cordeiro<\/em><\/strong><\/p>\n\n\n\n<p>Seguindo o cronograma de vistorias t\u00e9cnicas, o Minist\u00e9rio P\u00fablico do Rio de Janeiro (MPRJ) foi ao Castel\u00e2nea. Esta \u00e9 uma das oito regi\u00f5es que est\u00e3o sendo visitadas pelo \u00f3rg\u00e3o, que foram consideradas como prioridades, ap\u00f3s a forte chuva que assolou Petr\u00f3polis no dia 15 de fevereiro. As vistorias est\u00e3o sendo realizadas pela procuradora do Minist\u00e9rio P\u00fablico, Denise Tarin.<\/p>\n\n\n\n<figure class=\"wp-block-image size-large\"><img loading=\"lazy\" decoding=\"async\" width=\"1024\" height=\"768\" src=\"https:\/\/tvc16.com\/portal\/wp-content\/uploads\/2022\/08\/WhatsApp-Image-2022-08-05-at-15.54.29-1024x768.jpeg\" alt=\"\" class=\"wp-image-41351\" srcset=\"https:\/\/tvc16.com\/portal\/wp-content\/uploads\/2022\/08\/WhatsApp-Image-2022-08-05-at-15.54.29-1024x768.jpeg 1024w, https:\/\/tvc16.com\/portal\/wp-content\/uploads\/2022\/08\/WhatsApp-Image-2022-08-05-at-15.54.29-300x225.jpeg 300w, https:\/\/tvc16.com\/portal\/wp-content\/uploads\/2022\/08\/WhatsApp-Image-2022-08-05-at-15.54.29-768x576.jpeg 768w, https:\/\/tvc16.com\/portal\/wp-content\/uploads\/2022\/08\/WhatsApp-Image-2022-08-05-at-15.54.29-1536x1152.jpeg 1536w, https:\/\/tvc16.com\/portal\/wp-content\/uploads\/2022\/08\/WhatsApp-Image-2022-08-05-at-15.54.29-200x150.jpeg 200w, https:\/\/tvc16.com\/portal\/wp-content\/uploads\/2022\/08\/WhatsApp-Image-2022-08-05-at-15.54.29.jpeg 1600w\" sizes=\"auto, (max-width: 1024px) 100vw, 1024px\" \/><\/figure>\n\n\n\n<p>Quase seis meses ap\u00f3s a trag\u00e9dia, pouco foi feito no Castel\u00e2nea. Quem chega \u00e0 localidade, v\u00ea deslizamentos, casas com a estrutura comprometida e fam\u00edlias sem acesso ao aluguel social. Mas o problema principal, \u00e9 outro. \u201cFalta de informa\u00e7\u00e3o. A gente fica um pouco perdido sobre quem procurar e o que fazer. A Prefeitura empurra para o Governo do Estado e vice-versa, e a gente fica sem saber que atitude tomar. As vezes s\u00f3 uma informa\u00e7\u00e3o melhor pros moradores nos deixaria um pouco mais aliviados\u201d, explicou a Presidente da Associa\u00e7\u00e3o de Moradores do Castel\u00e2nea, Juliana Esteves.<\/p>\n\n\n\n<figure class=\"wp-block-image size-large\"><img loading=\"lazy\" decoding=\"async\" width=\"1024\" height=\"768\" src=\"https:\/\/tvc16.com\/portal\/wp-content\/uploads\/2022\/08\/WhatsApp-Image-2022-08-05-at-15.54.28-1024x768.jpeg\" alt=\"\" class=\"wp-image-41352\" srcset=\"https:\/\/tvc16.com\/portal\/wp-content\/uploads\/2022\/08\/WhatsApp-Image-2022-08-05-at-15.54.28-1024x768.jpeg 1024w, https:\/\/tvc16.com\/portal\/wp-content\/uploads\/2022\/08\/WhatsApp-Image-2022-08-05-at-15.54.28-300x225.jpeg 300w, https:\/\/tvc16.com\/portal\/wp-content\/uploads\/2022\/08\/WhatsApp-Image-2022-08-05-at-15.54.28-768x576.jpeg 768w, https:\/\/tvc16.com\/portal\/wp-content\/uploads\/2022\/08\/WhatsApp-Image-2022-08-05-at-15.54.28-1536x1152.jpeg 1536w, https:\/\/tvc16.com\/portal\/wp-content\/uploads\/2022\/08\/WhatsApp-Image-2022-08-05-at-15.54.28-200x150.jpeg 200w, https:\/\/tvc16.com\/portal\/wp-content\/uploads\/2022\/08\/WhatsApp-Image-2022-08-05-at-15.54.28.jpeg 1600w\" sizes=\"auto, (max-width: 1024px) 100vw, 1024px\" \/><\/figure>\n\n\n\n<p>Quando chove muito na regi\u00e3o do Castel\u00e2nea, a \u00e1gua que cai na encosta desce para o fundo do vale que existe no local. No topo do Castel\u00e2nea, h\u00e1 um manancial que foi atingido no dia 15 de fevereiro, afetando o direcionamento da drenagem das \u00e1guas, do esgoto e das nascentes existentes na regi\u00e3o. Este manancial recebe tamb\u00e9m todas as drenagens de \u00e1guas pluviais e esgoto das regi\u00f5es do Sargento Boening, Estrada do Para\u00edso e Morro dos Turcos. Com o manancial atingido, houve desmoronamentos em alguns pontos.<\/p>\n\n\n\n<figure class=\"wp-block-image size-large\"><img loading=\"lazy\" decoding=\"async\" width=\"1024\" height=\"768\" src=\"https:\/\/tvc16.com\/portal\/wp-content\/uploads\/2022\/08\/WhatsApp-Image-2022-08-05-at-15.54.31-1024x768.jpeg\" alt=\"\" class=\"wp-image-41353\" srcset=\"https:\/\/tvc16.com\/portal\/wp-content\/uploads\/2022\/08\/WhatsApp-Image-2022-08-05-at-15.54.31-1024x768.jpeg 1024w, https:\/\/tvc16.com\/portal\/wp-content\/uploads\/2022\/08\/WhatsApp-Image-2022-08-05-at-15.54.31-300x225.jpeg 300w, https:\/\/tvc16.com\/portal\/wp-content\/uploads\/2022\/08\/WhatsApp-Image-2022-08-05-at-15.54.31-768x576.jpeg 768w, https:\/\/tvc16.com\/portal\/wp-content\/uploads\/2022\/08\/WhatsApp-Image-2022-08-05-at-15.54.31-1536x1152.jpeg 1536w, https:\/\/tvc16.com\/portal\/wp-content\/uploads\/2022\/08\/WhatsApp-Image-2022-08-05-at-15.54.31-200x150.jpeg 200w, https:\/\/tvc16.com\/portal\/wp-content\/uploads\/2022\/08\/WhatsApp-Image-2022-08-05-at-15.54.31.jpeg 1600w\" sizes=\"auto, (max-width: 1024px) 100vw, 1024px\" \/><\/figure>\n\n\n\n<p>Em diferentes trechos do Castel\u00e2nea, a popula\u00e7\u00e3o est\u00e1 convivendo com o esgoto a c\u00e9u aberto. Os deslizamentos atingiram o encanamento, que at\u00e9 hoje, n\u00e3o foi reestabelecido e por isso, quem vive no local, convive com o mal cheiro. Os moradores contam que j\u00e1 solicitaram os servi\u00e7os da \u00c1guas do Imperador, mas at\u00e9 hoje, o problema n\u00e3o foi solucionado. \u201cInclusive a gente trouxe aqui dois diretores da \u00c1guas do Imperador para olhar o que estava acontecendo. Eles levaram nosso relat\u00f3rio com todas as demandas urgentes e a gente ainda est\u00e1 esperando uma resposta. Mais uma vez\u201d, disse Juliana.<\/p>\n\n\n\n<figure class=\"wp-block-image size-large\"><img loading=\"lazy\" decoding=\"async\" width=\"1024\" height=\"768\" src=\"https:\/\/tvc16.com\/portal\/wp-content\/uploads\/2022\/08\/WhatsApp-Image-2022-08-05-at-15.54.32-1024x768.jpeg\" alt=\"\" class=\"wp-image-41354\" srcset=\"https:\/\/tvc16.com\/portal\/wp-content\/uploads\/2022\/08\/WhatsApp-Image-2022-08-05-at-15.54.32-1024x768.jpeg 1024w, https:\/\/tvc16.com\/portal\/wp-content\/uploads\/2022\/08\/WhatsApp-Image-2022-08-05-at-15.54.32-300x225.jpeg 300w, https:\/\/tvc16.com\/portal\/wp-content\/uploads\/2022\/08\/WhatsApp-Image-2022-08-05-at-15.54.32-768x576.jpeg 768w, https:\/\/tvc16.com\/portal\/wp-content\/uploads\/2022\/08\/WhatsApp-Image-2022-08-05-at-15.54.32-1536x1152.jpeg 1536w, https:\/\/tvc16.com\/portal\/wp-content\/uploads\/2022\/08\/WhatsApp-Image-2022-08-05-at-15.54.32-200x150.jpeg 200w, https:\/\/tvc16.com\/portal\/wp-content\/uploads\/2022\/08\/WhatsApp-Image-2022-08-05-at-15.54.32.jpeg 1600w\" sizes=\"auto, (max-width: 1024px) 100vw, 1024px\" \/><\/figure>\n\n\n\n<p>O aposentado Almir Mac\u00eado nasceu e cresceu em uma casa que fica na Servid\u00e3o Luiz Macedo, uma das mais atingidas no Castel\u00e2nea. Um deslizamento atingiu a parte de tr\u00e1s da casa onde mora e, para tirar todo o entulho do terreno, ele precisou contratar uma pessoa com o dinheiro que recebe da aposentadoria. A COMDEP est\u00e1 realizando a limpeza do terreno vizinho, mas ele n\u00e3o conseguiu permiss\u00e3o para que o mesmo servi\u00e7o fosse feito no seu terreno. \u201cA COMDEP n\u00e3o fez nada por mim e n\u00e3o colocou ningu\u00e9m aqui. Eu t\u00f4 tirando o meu dinheiro para pagar uma pessoa para tirar a terra pra mim. Eu n\u00e3o sei como, mas tem 10 homens da COMDEP no meu vizinho tirando toda a terra\u201d, explicou Almir.<\/p>\n\n\n\n<p>O objetivo das vistorias do Minist\u00e9rio P\u00fablico \u00e9 mapear as necessidades de cada bairro e propor a\u00e7\u00f5es para apresentar ao poder p\u00fablico. O \u00f3rg\u00e3o age como um advogado da popula\u00e7\u00e3o e leva, at\u00e9 as audi\u00eancias, as maiores necessidades das comunidades. S\u00e3o tra\u00e7adas a\u00e7\u00f5es em busca de solu\u00e7\u00f5es efetivas. Este foi o sexto dia de vistorias. A regi\u00e3o do Floresta ser\u00e1 vistoriada na pr\u00f3xima quarta-feira, dia 10.<br>Procurada, a \u00c1guas do Imperador informou que ser\u00e1 feita uma vistoria no local para avalia\u00e7\u00e3o do que pode ser feito. Foi informado que na ocasi\u00e3o das chuvas, quando uma equipe esteve na regi\u00e3o, n\u00e3o era poss\u00edvel acessar o local.<\/p>\n\n\n\n<p><em><strong>Fotos: Raphaela Cordeiro<\/strong><\/em><\/p>\n","protected":false},"excerpt":{"rendered":"<p>Raphaela Cordeiro Seguindo o cronograma de vistorias t\u00e9cnicas, o Minist\u00e9rio P\u00fablico do Rio de Janeiro<\/p>\n","protected":false},"author":2,"featured_media":41350,"comment_status":"open","ping_status":"open","sticky":true,"template":"","format":"standard","meta":{"footnotes":""},"categories":[12,264,18,15,13],"tags":[],"class_list":["post-41349","post","type-post","status-publish","format-standard","has-post-thumbnail","hentry","category-cidade","category-destaque","category-economia","category-politica","category-saude"],"_links":{"self":[{"href":"https:\/\/tvc16.com\/portal\/wp-json\/wp\/v2\/posts\/41349","targetHints":{"allow":["GET"]}}],"collection":[{"href":"https:\/\/tvc16.com\/portal\/wp-json\/wp\/v2\/posts"}],"about":[{"href":"https:\/\/tvc16.com\/portal\/wp-json\/wp\/v2\/types\/post"}],"author":[{"embeddable":true,"href":"https:\/\/tvc16.com\/portal\/wp-json\/wp\/v2\/users\/2"}],"replies":[{"embeddable":true,"href":"https:\/\/tvc16.com\/portal\/wp-json\/wp\/v2\/comments?post=41349"}],"version-history":[{"count":1,"href":"https:\/\/tvc16.com\/portal\/wp-json\/wp\/v2\/posts\/41349\/revisions"}],"predecessor-version":[{"id":41355,"href":"https:\/\/tvc16.com\/portal\/wp-json\/wp\/v2\/posts\/41349\/revisions\/41355"}],"wp:featuredmedia":[{"embeddable":true,"href":"https:\/\/tvc16.com\/portal\/wp-json\/wp\/v2\/media\/41350"}],"wp:attachment":[{"href":"https:\/\/tvc16.com\/portal\/wp-json\/wp\/v2\/media?parent=41349"}],"wp:term":[{"taxonomy":"category","embeddable":true,"href":"https:\/\/tvc16.com\/portal\/wp-json\/wp\/v2\/categories?post=41349"},{"taxonomy":"post_tag","embeddable":true,"href":"https:\/\/tvc16.com\/portal\/wp-json\/wp\/v2\/tags?post=41349"}],"curies":[{"name":"wp","href":"https:\/\/api.w.org\/{rel}","templated":true}]}}