{"id":41361,"date":"2022-08-06T12:00:00","date_gmt":"2022-08-06T15:00:00","guid":{"rendered":"https:\/\/tvc16.com\/portal\/?p=41361"},"modified":"2022-08-06T01:23:35","modified_gmt":"2022-08-06T04:23:35","slug":"festival-de-churros-hoje-e-amanha-em-petropolis","status":"publish","type":"post","link":"https:\/\/tvc16.com\/portal\/2022\/08\/06\/festival-de-churros-hoje-e-amanha-em-petropolis\/","title":{"rendered":"Festival de Churros hoje e amanh\u00e3 em Petr\u00f3polis"},"content":{"rendered":"\n<p>Pela segunda vez Petr\u00f3polis recebe o Festival de Churros, na Pra\u00e7a da \u00c1guia, hoje e amanh\u00e3, onde a intens\u00e3o \u00e9 dar ao p\u00fablico a possibilidade de criar seu pr\u00f3prio churros, numa experi\u00eancia \u00fanica e divertida. Ser\u00e3o mais de 30 op\u00e7\u00f5es que v\u00e3o dos gourmets aos diferentes. <\/p>\n\n\n\n<p>Ap\u00f3s Petr\u00f3polis, o evento segue para Nova Friburgo entre 12 e 14  de agosto e chega a Teres\u00f3polis entre 19 e 21\/08<\/p>\n\n\n\n<figure class=\"wp-block-image size-full\"><img loading=\"lazy\" decoding=\"async\" width=\"655\" height=\"642\" src=\"https:\/\/tvc16.com\/portal\/wp-content\/uploads\/2022\/08\/churros-3.jpg\" alt=\"\" class=\"wp-image-41363\" srcset=\"https:\/\/tvc16.com\/portal\/wp-content\/uploads\/2022\/08\/churros-3.jpg 655w, https:\/\/tvc16.com\/portal\/wp-content\/uploads\/2022\/08\/churros-3-300x294.jpg 300w\" sizes=\"auto, (max-width: 655px) 100vw, 655px\" \/><\/figure>\n\n\n\n<p>Paralelo ao Festival, em Petr\u00f3polis, acontece a Feira Deguste, com a presen\u00e7a de cervejarias artesanais, foodtrucks, m\u00fasica e atividades para crian\u00e7as. O evento d\u00e1 passe livre para a presen\u00e7a de Pets.<\/p>\n\n\n\n<p>Hor\u00e1rio de Funcionamento:<\/p>\n\n\n\n<p>S\u00e1bado &#8211; 11h \u00e0s 23h<\/p>\n\n\n\n<p>Domingo &#8211; 11h \u00e0s 22h<\/p>\n\n\n\n<p class=\"has-small-font-size\"><em>Fotos: Divulga\u00e7\u00e3o<\/em><\/p>\n","protected":false},"excerpt":{"rendered":"<p>Pela segunda vez Petr\u00f3polis recebe o Festival de Churros, na Pra\u00e7a da \u00c1guia, hoje e<\/p>\n","protected":false},"author":2,"featured_media":41362,"comment_status":"open","ping_status":"open","sticky":false,"template":"","format":"standard","meta":{"footnotes":""},"categories":[12,21,264],"tags":[],"class_list":["post-41361","post","type-post","status-publish","format-standard","has-post-thumbnail","hentry","category-cidade","category-cultura","category-destaque"],"_links":{"self":[{"href":"https:\/\/tvc16.com\/portal\/wp-json\/wp\/v2\/posts\/41361","targetHints":{"allow":["GET"]}}],"collection":[{"href":"https:\/\/tvc16.com\/portal\/wp-json\/wp\/v2\/posts"}],"about":[{"href":"https:\/\/tvc16.com\/portal\/wp-json\/wp\/v2\/types\/post"}],"author":[{"embeddable":true,"href":"https:\/\/tvc16.com\/portal\/wp-json\/wp\/v2\/users\/2"}],"replies":[{"embeddable":true,"href":"https:\/\/tvc16.com\/portal\/wp-json\/wp\/v2\/comments?post=41361"}],"version-history":[{"count":1,"href":"https:\/\/tvc16.com\/portal\/wp-json\/wp\/v2\/posts\/41361\/revisions"}],"predecessor-version":[{"id":41364,"href":"https:\/\/tvc16.com\/portal\/wp-json\/wp\/v2\/posts\/41361\/revisions\/41364"}],"wp:featuredmedia":[{"embeddable":true,"href":"https:\/\/tvc16.com\/portal\/wp-json\/wp\/v2\/media\/41362"}],"wp:attachment":[{"href":"https:\/\/tvc16.com\/portal\/wp-json\/wp\/v2\/media?parent=41361"}],"wp:term":[{"taxonomy":"category","embeddable":true,"href":"https:\/\/tvc16.com\/portal\/wp-json\/wp\/v2\/categories?post=41361"},{"taxonomy":"post_tag","embeddable":true,"href":"https:\/\/tvc16.com\/portal\/wp-json\/wp\/v2\/tags?post=41361"}],"curies":[{"name":"wp","href":"https:\/\/api.w.org\/{rel}","templated":true}]}}