{"id":41365,"date":"2022-08-06T14:30:00","date_gmt":"2022-08-06T17:30:00","guid":{"rendered":"https:\/\/tvc16.com\/portal\/?p=41365"},"modified":"2022-08-06T01:33:26","modified_gmt":"2022-08-06T04:33:26","slug":"portugal-muda-lei-migratoria-para-atrair-mao-de-obra","status":"publish","type":"post","link":"https:\/\/tvc16.com\/portal\/2022\/08\/06\/portugal-muda-lei-migratoria-para-atrair-mao-de-obra\/","title":{"rendered":"Portugal muda lei migrat\u00f3ria para atrair m\u00e3o de obra"},"content":{"rendered":"\n<p><em><strong>AFP<\/strong><\/em><\/p>\n\n\n\n<p>Portugal, que enfrenta uma escassez de m\u00e3o de obra no turismo e na constru\u00e7\u00e3o, alterou a chamada lei dos &#8220;estrangeiros&#8221; para facilitar a imigra\u00e7\u00e3o e em particular o acolhimento de n\u00f4mades digitais, segundo o texto promulgado na quinta-feira pelo presidente do pa\u00eds.\u00a0<\/p>\n\n\n\n<p>Esta nova lei migrat\u00f3ria, votada pelo Parlamento em julho, prev\u00ea um visto tempor\u00e1rio, com dura\u00e7\u00e3o de 120 dias, prorrog\u00e1veis por 60 dias, para estrangeiros em busca de emprego.&nbsp;<\/p>\n\n\n\n<p>Deve tamb\u00e9m facilitar os procedimentos de visto para os n\u00f4mades digitais, trabalhadores que exercem sua atividade gra\u00e7as \u00e0s possibilidades oferecidas pelo teletrabalho.&nbsp;<\/p>\n\n\n\n<p>O texto foi aprovado em 21 de julho com os votos do Partido Socialista, que tem maioria absoluta no Parlamento, e da oposi\u00e7\u00e3o de esquerda.&nbsp;<\/p>\n\n\n\n<p>O Partido Social Democrata, forma\u00e7\u00e3o pol\u00edtica de centro-direita e principal partido da oposi\u00e7\u00e3o, absteve-se, enquanto o partido de extrema-direita Chega n\u00e3o participou na vota\u00e7\u00e3o.<\/p>\n\n\n\n<p>\u201cPortugal precisa de imigrantes pela sua demografia, pela sua economia e pela sua cultura\u201d, explicou Ana Catarina Mendes, ministra dos Assuntos Parlamentares.\u00a0<\/p>\n\n\n\n<p>A altera\u00e7\u00e3o da lei dever\u00e1 beneficiar particularmente o setor do turismo, um dos mais afetados pela escassez de m\u00e3o de obra em Portugal, tal como em outros pa\u00edses europeus.&nbsp;<\/p>\n\n\n\n<p>O setor, um dos principais motores da recupera\u00e7\u00e3o econ\u00f4mica portuguesa e severamente atingido pela crise sanit\u00e1ria, precisaria de cerca de 50 mil funcion\u00e1rios adicionais, estimou na ter\u00e7a-feira a secret\u00e1ria de Estado do Turismo, Rita Marques.&nbsp;<\/p>\n\n\n\n<p>De acordo com o \u00faltimo recenseamento da popula\u00e7\u00e3o portuguesa realizado em 2011, o n\u00famero de estrangeiros residindo em Portugal aumentou 40% na \u00faltima d\u00e9cada, para mais de 550 mil pessoas num total de 10,3 milh\u00f5es de habitantes.&nbsp;<\/p>\n\n\n\n<p>Mas esse n\u00famero n\u00e3o foi suficiente para reverter o decl\u00ednio demogr\u00e1fico nesse per\u00edodo.\u00a0<\/p>\n\n\n\n<p class=\"has-small-font-size\"><strong><em>Foto: Carlos Costa<\/em><\/strong><\/p>\n","protected":false},"excerpt":{"rendered":"<p>AFP Portugal, que enfrenta uma escassez de m\u00e3o de obra no turismo e na constru\u00e7\u00e3o,<\/p>\n","protected":false},"author":2,"featured_media":41366,"comment_status":"open","ping_status":"open","sticky":false,"template":"","format":"standard","meta":{"footnotes":""},"categories":[22,17],"tags":[],"class_list":["post-41365","post","type-post","status-publish","format-standard","has-post-thumbnail","hentry","category-internacional","category-outras-noticias"],"_links":{"self":[{"href":"https:\/\/tvc16.com\/portal\/wp-json\/wp\/v2\/posts\/41365","targetHints":{"allow":["GET"]}}],"collection":[{"href":"https:\/\/tvc16.com\/portal\/wp-json\/wp\/v2\/posts"}],"about":[{"href":"https:\/\/tvc16.com\/portal\/wp-json\/wp\/v2\/types\/post"}],"author":[{"embeddable":true,"href":"https:\/\/tvc16.com\/portal\/wp-json\/wp\/v2\/users\/2"}],"replies":[{"embeddable":true,"href":"https:\/\/tvc16.com\/portal\/wp-json\/wp\/v2\/comments?post=41365"}],"version-history":[{"count":1,"href":"https:\/\/tvc16.com\/portal\/wp-json\/wp\/v2\/posts\/41365\/revisions"}],"predecessor-version":[{"id":41367,"href":"https:\/\/tvc16.com\/portal\/wp-json\/wp\/v2\/posts\/41365\/revisions\/41367"}],"wp:featuredmedia":[{"embeddable":true,"href":"https:\/\/tvc16.com\/portal\/wp-json\/wp\/v2\/media\/41366"}],"wp:attachment":[{"href":"https:\/\/tvc16.com\/portal\/wp-json\/wp\/v2\/media?parent=41365"}],"wp:term":[{"taxonomy":"category","embeddable":true,"href":"https:\/\/tvc16.com\/portal\/wp-json\/wp\/v2\/categories?post=41365"},{"taxonomy":"post_tag","embeddable":true,"href":"https:\/\/tvc16.com\/portal\/wp-json\/wp\/v2\/tags?post=41365"}],"curies":[{"name":"wp","href":"https:\/\/api.w.org\/{rel}","templated":true}]}}