{"id":41368,"date":"2022-08-06T10:24:32","date_gmt":"2022-08-06T13:24:32","guid":{"rendered":"https:\/\/tvc16.com\/portal\/?p=41368"},"modified":"2022-08-06T10:24:34","modified_gmt":"2022-08-06T13:24:34","slug":"projeto-aquarius-esta-de-volta-e-se-apresenta-hoje-no-cnetro-do-rio","status":"publish","type":"post","link":"https:\/\/tvc16.com\/portal\/2022\/08\/06\/projeto-aquarius-esta-de-volta-e-se-apresenta-hoje-no-cnetro-do-rio\/","title":{"rendered":"Projeto Aquarius est\u00e1 de volta e se apresenta hoje no Cnetro do Rio"},"content":{"rendered":"\n<p>A Pra\u00e7a Mau\u00e1 ser\u00e1 o palco do retorno das atividades do Projeto Aqu\u00e1rius, hoje, \u00e0s 17h, no centro do Rio de Janeiro, em comemora\u00e7\u00e3o aos 50 anos do projeto. Apresentado pelo Instituto Cultural Vale, contar\u00e1 com a participa\u00e7\u00e3o de alunos do Vale M\u00fasica tocando com a Orquestra Sinf\u00f4nica Brasileira, al\u00e9m da apresenta\u00e7\u00e3o especial de Lenine e do Grupo de Passinho Oz Crias. A entrada \u00e9 gratuita.<\/p>\n\n\n\n<p>Ao longo destes 50 anos, o Projeto Aquarius leva m\u00fasica cl\u00e1ssica para todos os p\u00fablicos, democratizando a cultura e, com o passar dos anos, incorporou outros ritmos como rock, samba, funk e fus\u00f5es criadas especialmente para o p\u00fablico.<\/p>\n\n\n\n<p>\u200bE uma dessas incorpora\u00e7\u00f5es \u00e9 a improvisa\u00e7\u00e3o r\u00edtmica, que vai ser executada pela percuss\u00e3o da orquestra, com os dan\u00e7arinos do grupo Oz Crias &#8211; formado por dan\u00e7arinos da Rocinha, Lins e Vila Isabel -, em uma performance que promete levantar o p\u00fablico. Mais uma vez, ser\u00e1 o encontro entre a tradi\u00e7\u00e3o da OSB e o p\u00fablico j\u00f3vem carioca.\u00a0<\/p>\n\n\n\n<p>O acordeonista, compositor, arranjador e premiado instrumentista Jo\u00e3o Teixeira\u00a0tamb\u00e9m far\u00e1 uma participa\u00e7\u00e3o especial no concerto. A reg\u00eancia ficar\u00e1 sob a batuta do maestro Roberto Tibiri\u00e7\u00e1.<\/p>\n","protected":false},"excerpt":{"rendered":"<p>A Pra\u00e7a Mau\u00e1 ser\u00e1 o palco do retorno das atividades do Projeto Aqu\u00e1rius, hoje, \u00e0s<\/p>\n","protected":false},"author":2,"featured_media":41369,"comment_status":"open","ping_status":"open","sticky":false,"template":"","format":"standard","meta":{"footnotes":""},"categories":[21,17],"tags":[],"class_list":["post-41368","post","type-post","status-publish","format-standard","has-post-thumbnail","hentry","category-cultura","category-outras-noticias"],"_links":{"self":[{"href":"https:\/\/tvc16.com\/portal\/wp-json\/wp\/v2\/posts\/41368","targetHints":{"allow":["GET"]}}],"collection":[{"href":"https:\/\/tvc16.com\/portal\/wp-json\/wp\/v2\/posts"}],"about":[{"href":"https:\/\/tvc16.com\/portal\/wp-json\/wp\/v2\/types\/post"}],"author":[{"embeddable":true,"href":"https:\/\/tvc16.com\/portal\/wp-json\/wp\/v2\/users\/2"}],"replies":[{"embeddable":true,"href":"https:\/\/tvc16.com\/portal\/wp-json\/wp\/v2\/comments?post=41368"}],"version-history":[{"count":1,"href":"https:\/\/tvc16.com\/portal\/wp-json\/wp\/v2\/posts\/41368\/revisions"}],"predecessor-version":[{"id":41370,"href":"https:\/\/tvc16.com\/portal\/wp-json\/wp\/v2\/posts\/41368\/revisions\/41370"}],"wp:featuredmedia":[{"embeddable":true,"href":"https:\/\/tvc16.com\/portal\/wp-json\/wp\/v2\/media\/41369"}],"wp:attachment":[{"href":"https:\/\/tvc16.com\/portal\/wp-json\/wp\/v2\/media?parent=41368"}],"wp:term":[{"taxonomy":"category","embeddable":true,"href":"https:\/\/tvc16.com\/portal\/wp-json\/wp\/v2\/categories?post=41368"},{"taxonomy":"post_tag","embeddable":true,"href":"https:\/\/tvc16.com\/portal\/wp-json\/wp\/v2\/tags?post=41368"}],"curies":[{"name":"wp","href":"https:\/\/api.w.org\/{rel}","templated":true}]}}