{"id":4138,"date":"2020-10-27T22:54:52","date_gmt":"2020-10-27T22:54:52","guid":{"rendered":"https:\/\/tvc16.com\/portal\/?p=4138"},"modified":"2020-10-27T22:54:52","modified_gmt":"2020-10-27T22:54:52","slug":"bndes-chega-a-marca-de-r-100-bilhoes-investidos-durante-a-pandemia","status":"publish","type":"post","link":"https:\/\/tvc16.com\/portal\/2020\/10\/27\/bndes-chega-a-marca-de-r-100-bilhoes-investidos-durante-a-pandemia\/","title":{"rendered":"BNDES chega a marca de R$ 100 bilh\u00f5es investidos durante a pandemia"},"content":{"rendered":"\n<h3 class=\"wp-block-heading\">Gustavo Montezano fala sobre contribui\u00e7\u00f5es sociais durante a pandemia<\/h3>\n\n\n\n<h4 class=\"wp-block-heading\">or Ag\u00eancia Brasil &#8211; Bras\u00edlia<\/h4>\n\n\n\n<p>O presidente do Banco Nacional de Desenvolvimento Econ\u00f4mico e Social (BNDES), Gustavo Montezano, participou&nbsp;hoje (27)&nbsp; do programa&nbsp;<em>A Voz do Brasil<\/em>. Ele comentou sobre a marca de R$ 100 bilh\u00f5es em recursos movimentados em apoio a empresas e qual ser\u00e1 o foco na hora de destinar esses recursos.<img decoding=\"async\" src=\"https:\/\/agenciabrasil.ebc.com.br\/ebc.png?id=1391669&amp;o=node\"><img decoding=\"async\" src=\"https:\/\/agenciabrasil.ebc.com.br\/ebc.gif?id=1391669&amp;o=node\"><\/p>\n\n\n\n<p>Desde o in\u00edcio da pandemia, o BNDES colaborou em medidas do governo para diminuir os impactos do novo coronav\u00edrus, como o saque emergencial do FGTS.<\/p>\n\n\n\n<p>At\u00e9 agosto, foram repassados&nbsp;<a href=\"https:\/\/agenciabrasil.ebc.com.br\/economia\/noticia\/2020-08\/programa-emergencial-pode-chegar-a-r-20-bi-em-creditos-pequenas-empresas\" target=\"_blank\" rel=\"noreferrer noopener\">R$ 20 bilh\u00f5es para o Fundo de Garantia do Tempo de Servi\u00e7o (FGTS)<\/a>. Isso permitiu que pessoas f\u00edsicas fizessem os saques emergenciais e pudessem destinar parte dos recursos ao consumo, de modo a ajudar a retomada da economia e a dar f\u00f4lego aos pequenos neg\u00f3cios.<\/p>\n\n\n\n<p>Outro foco do banco tem sido promover investimentos que tenham impacto social e ambiental, seja em energia el\u00e9trica, agroneg\u00f3cio e concess\u00f5es. Isso ocorre principalmente nas regi\u00f5es Norte e Nordeste. Um exemplo \u00e9 a capta\u00e7\u00e3o de recursos para financiar o Programa Mais Luz para a Amaz\u00f4nia.&nbsp;O objetivo do projeto \u00e9 levar energia renov\u00e1vel, especialmente de fonte solar, a 82 mil fam\u00edlias em \u00e1reas remotas da regi\u00e3o.<\/p>\n\n\n\n<p>O BNDES lan\u00e7ou, em setembro, a nova<a href=\"https:\/\/agenciabrasil.ebc.com.br\/economia\/noticia\/2020-09\/bndes-lanca-linha-de-credito-voltada-para-industria-40\" target=\"_blank\" rel=\"noreferrer noopener\">&nbsp;linha Cr\u00e9dito e Servi\u00e7os 4.0<\/a>, que vai financiar servi\u00e7os tecnol\u00f3gicos avan\u00e7ados e os chamados intang\u00edveis, em especial voltados para a pequena e m\u00e9dia empresa. A nova linha visa a moderniza\u00e7\u00e3o das empresas, estimulando a transforma\u00e7\u00e3o digital e ado\u00e7\u00e3o de tecnologias 4.0.<\/p>\n\n\n\n<h2 class=\"wp-block-heading\">Veja entrevista na \u00edntegra<br>&nbsp;<\/h2>\n\n\n\n<figure class=\"wp-block-embed-youtube wp-block-embed is-type-rich is-provider-incorporar-manipulador wp-embed-aspect-16-9 wp-has-aspect-ratio\"><div class=\"wp-block-embed__wrapper\">\n<iframe loading=\"lazy\" title=\"A VOZ DO BRASIL: Entrevista com o presidente do BNDES, , Gustavo Montezano\" width=\"640\" height=\"360\" src=\"https:\/\/www.youtube.com\/embed\/ach8D9INS38?feature=oembed\" frameborder=\"0\" allow=\"accelerometer; autoplay; clipboard-write; encrypted-media; gyroscope; picture-in-picture; web-share\" referrerpolicy=\"strict-origin-when-cross-origin\" allowfullscreen><\/iframe>\n<\/div><\/figure>\n\n\n\n<p>Edi\u00e7\u00e3o: Liliane Farias<\/p>\n","protected":false},"excerpt":{"rendered":"<p>Gustavo Montezano fala sobre contribui\u00e7\u00f5es sociais durante a pandemia or Ag\u00eancia Brasil &#8211; Bras\u00edlia O<\/p>\n","protected":false},"author":2,"featured_media":4139,"comment_status":"open","ping_status":"open","sticky":false,"template":"","format":"standard","meta":{"footnotes":""},"categories":[17],"tags":[],"class_list":["post-4138","post","type-post","status-publish","format-standard","has-post-thumbnail","hentry","category-outras-noticias"],"_links":{"self":[{"href":"https:\/\/tvc16.com\/portal\/wp-json\/wp\/v2\/posts\/4138","targetHints":{"allow":["GET"]}}],"collection":[{"href":"https:\/\/tvc16.com\/portal\/wp-json\/wp\/v2\/posts"}],"about":[{"href":"https:\/\/tvc16.com\/portal\/wp-json\/wp\/v2\/types\/post"}],"author":[{"embeddable":true,"href":"https:\/\/tvc16.com\/portal\/wp-json\/wp\/v2\/users\/2"}],"replies":[{"embeddable":true,"href":"https:\/\/tvc16.com\/portal\/wp-json\/wp\/v2\/comments?post=4138"}],"version-history":[{"count":1,"href":"https:\/\/tvc16.com\/portal\/wp-json\/wp\/v2\/posts\/4138\/revisions"}],"predecessor-version":[{"id":4141,"href":"https:\/\/tvc16.com\/portal\/wp-json\/wp\/v2\/posts\/4138\/revisions\/4141"}],"wp:featuredmedia":[{"embeddable":true,"href":"https:\/\/tvc16.com\/portal\/wp-json\/wp\/v2\/media\/4139"}],"wp:attachment":[{"href":"https:\/\/tvc16.com\/portal\/wp-json\/wp\/v2\/media?parent=4138"}],"wp:term":[{"taxonomy":"category","embeddable":true,"href":"https:\/\/tvc16.com\/portal\/wp-json\/wp\/v2\/categories?post=4138"},{"taxonomy":"post_tag","embeddable":true,"href":"https:\/\/tvc16.com\/portal\/wp-json\/wp\/v2\/tags?post=4138"}],"curies":[{"name":"wp","href":"https:\/\/api.w.org\/{rel}","templated":true}]}}