{"id":41385,"date":"2022-08-06T13:55:09","date_gmt":"2022-08-06T16:55:09","guid":{"rendered":"https:\/\/tvc16.com\/portal\/?p=41385"},"modified":"2022-08-06T14:25:46","modified_gmt":"2022-08-06T17:25:46","slug":"policia-civil-cumpre-mandado-de-prisao-temporaria-pelo-delito-de-estupro-em-petropolis","status":"publish","type":"post","link":"https:\/\/tvc16.com\/portal\/2022\/08\/06\/policia-civil-cumpre-mandado-de-prisao-temporaria-pelo-delito-de-estupro-em-petropolis\/","title":{"rendered":"Idosa de 71 anos \u00e9 estuprada por ex-genro em Petr\u00f3polis"},"content":{"rendered":"\n<p>Policiais Civis da 105\u00aa DP (Petr\u00f3polis) prenderam, \u00e0s 12h, deste s\u00e1bado, 06\/08, na Rua Carlos Gomes, Centro, homem, de 45 anos, em cumprimento ao mandado de pris\u00e3o tempor\u00e1ria pelo delito de estupro.<br><br>A v\u00edtima de 71 anos compareceu \u00e0 105\u00aa DP, na sexta-feira, 05\/08, narrando que naquela madrugada havia sido v\u00edtima de estupro praticado dentro de sua casa, pelo ex-genro. A v\u00edtima chegou em sede policial acompanhada de sua filha, extremamente machucada e foi imediatamente encaminhada a exame de corpo de delito pr\u00e9vio no IML, passando pelo Hospital Alcides Carneiro e pela sala Lil\u00e1s, a fim de realizar toda a profilaxia e exames necess\u00e1rios.<br><br>Ao longo do dia foram realizadas in\u00fameras dilig\u00eancias na tentativa de localiza\u00e7\u00e3o do autor ainda em estado flagrancial, por\u00e9m sem \u00eaxito. Sendo assim, a Autoridade Policial representou no plant\u00e3o judici\u00e1rio pela pris\u00e3o tempor\u00e1ria.<br><br>Na manh\u00e3 de hoje, ap\u00f3s receberem informa\u00e7\u00f5es da prov\u00e1vel localiza\u00e7\u00e3o, a equipe policial deu in\u00edcio as dilig\u00eancias que culminaram na captura do autor.<br><br>A Pol\u00edcia Civil solicita a colabora\u00e7\u00e3o de todos para tornarmos PETR\u00d3POLIS uma cidade mais segura atrav\u00e9s de seus canais via DISQUE DEN\u00daNCIA: 21 2253-1177, WHATSAPP DO DD: 24 98833-8175. O SIGILO \u00c9 GARANTIDO<\/p>\n\n\n\n<p><\/p>\n","protected":false},"excerpt":{"rendered":"<p>Policiais Civis da 105\u00aa DP (Petr\u00f3polis) prenderam, \u00e0s 12h, deste s\u00e1bado, 06\/08, na Rua Carlos<\/p>\n","protected":false},"author":2,"featured_media":41389,"comment_status":"open","ping_status":"open","sticky":true,"template":"","format":"standard","meta":{"footnotes":""},"categories":[12,264],"tags":[],"class_list":["post-41385","post","type-post","status-publish","format-standard","has-post-thumbnail","hentry","category-cidade","category-destaque"],"_links":{"self":[{"href":"https:\/\/tvc16.com\/portal\/wp-json\/wp\/v2\/posts\/41385","targetHints":{"allow":["GET"]}}],"collection":[{"href":"https:\/\/tvc16.com\/portal\/wp-json\/wp\/v2\/posts"}],"about":[{"href":"https:\/\/tvc16.com\/portal\/wp-json\/wp\/v2\/types\/post"}],"author":[{"embeddable":true,"href":"https:\/\/tvc16.com\/portal\/wp-json\/wp\/v2\/users\/2"}],"replies":[{"embeddable":true,"href":"https:\/\/tvc16.com\/portal\/wp-json\/wp\/v2\/comments?post=41385"}],"version-history":[{"count":2,"href":"https:\/\/tvc16.com\/portal\/wp-json\/wp\/v2\/posts\/41385\/revisions"}],"predecessor-version":[{"id":41390,"href":"https:\/\/tvc16.com\/portal\/wp-json\/wp\/v2\/posts\/41385\/revisions\/41390"}],"wp:featuredmedia":[{"embeddable":true,"href":"https:\/\/tvc16.com\/portal\/wp-json\/wp\/v2\/media\/41389"}],"wp:attachment":[{"href":"https:\/\/tvc16.com\/portal\/wp-json\/wp\/v2\/media?parent=41385"}],"wp:term":[{"taxonomy":"category","embeddable":true,"href":"https:\/\/tvc16.com\/portal\/wp-json\/wp\/v2\/categories?post=41385"},{"taxonomy":"post_tag","embeddable":true,"href":"https:\/\/tvc16.com\/portal\/wp-json\/wp\/v2\/tags?post=41385"}],"curies":[{"name":"wp","href":"https:\/\/api.w.org\/{rel}","templated":true}]}}