{"id":41401,"date":"2022-08-07T16:15:00","date_gmt":"2022-08-07T19:15:00","guid":{"rendered":"https:\/\/tvc16.com\/portal\/?p=41401"},"modified":"2022-08-06T16:03:02","modified_gmt":"2022-08-06T19:03:02","slug":"bem-cultural-editora-lanca-livro-em-petropolis","status":"publish","type":"post","link":"https:\/\/tvc16.com\/portal\/2022\/08\/07\/bem-cultural-editora-lanca-livro-em-petropolis\/","title":{"rendered":"Bem Cultural Editora lan\u00e7a livro em Petr\u00f3polis"},"content":{"rendered":"\n<p>No dia 20 de agosto, s\u00e1bado, de 15h \u00e0s 19h, acontecer\u00e1, em Petr\u00f3polis, no Briza Caf\u00e9 e Restaurante, na Rua 7 de abril, o lan\u00e7amento do livro &#8220;A escrita como terapia&#8221;, da autora Cl\u00e1udia Monte. Na oportunidade, poetas presentes ter\u00e3o oportunidade de ler um poema do livro e ainda teremos apresenta\u00e7\u00e3o musical da cantora Ana Paula Xavier, confrade da Cl\u00e1udia na Confraria da Poesia Informal.<\/p>\n\n\n\n<p>O livro foi editado pela Bem Cultural Editora, com coordena\u00e7\u00e3o de Catarina Maul, que tamb\u00e9m <a><\/a>assina o pref\u00e1cio. A capa e ilustra\u00e7\u00f5es s\u00e3o do Rodrigo Santana CB.<\/p>\n","protected":false},"excerpt":{"rendered":"<p>No dia 20 de agosto, s\u00e1bado, de 15h \u00e0s 19h, acontecer\u00e1, em Petr\u00f3polis, no Briza<\/p>\n","protected":false},"author":2,"featured_media":41402,"comment_status":"open","ping_status":"open","sticky":false,"template":"","format":"standard","meta":{"footnotes":""},"categories":[12,21,264,19],"tags":[],"class_list":["post-41401","post","type-post","status-publish","format-standard","has-post-thumbnail","hentry","category-cidade","category-cultura","category-destaque","category-educacao"],"_links":{"self":[{"href":"https:\/\/tvc16.com\/portal\/wp-json\/wp\/v2\/posts\/41401","targetHints":{"allow":["GET"]}}],"collection":[{"href":"https:\/\/tvc16.com\/portal\/wp-json\/wp\/v2\/posts"}],"about":[{"href":"https:\/\/tvc16.com\/portal\/wp-json\/wp\/v2\/types\/post"}],"author":[{"embeddable":true,"href":"https:\/\/tvc16.com\/portal\/wp-json\/wp\/v2\/users\/2"}],"replies":[{"embeddable":true,"href":"https:\/\/tvc16.com\/portal\/wp-json\/wp\/v2\/comments?post=41401"}],"version-history":[{"count":1,"href":"https:\/\/tvc16.com\/portal\/wp-json\/wp\/v2\/posts\/41401\/revisions"}],"predecessor-version":[{"id":41403,"href":"https:\/\/tvc16.com\/portal\/wp-json\/wp\/v2\/posts\/41401\/revisions\/41403"}],"wp:featuredmedia":[{"embeddable":true,"href":"https:\/\/tvc16.com\/portal\/wp-json\/wp\/v2\/media\/41402"}],"wp:attachment":[{"href":"https:\/\/tvc16.com\/portal\/wp-json\/wp\/v2\/media?parent=41401"}],"wp:term":[{"taxonomy":"category","embeddable":true,"href":"https:\/\/tvc16.com\/portal\/wp-json\/wp\/v2\/categories?post=41401"},{"taxonomy":"post_tag","embeddable":true,"href":"https:\/\/tvc16.com\/portal\/wp-json\/wp\/v2\/tags?post=41401"}],"curies":[{"name":"wp","href":"https:\/\/api.w.org\/{rel}","templated":true}]}}